{"id":879,"date":"2026-03-23T07:10:54","date_gmt":"2026-03-23T10:10:54","guid":{"rendered":"https:\/\/ministeriosdiaadia.cl\/?p=879"},"modified":"2026-03-23T08:04:30","modified_gmt":"2026-03-23T11:04:30","slug":"apocalipsis-1314","status":"publish","type":"post","link":"https:\/\/ministeriosdiaadia.cl\/index.php\/2026\/03\/23\/apocalipsis-1314\/","title":{"rendered":"APOCALIPSIS 13:14"},"content":{"rendered":"\n<div style=\"height:54px\" aria-hidden=\"true\" class=\"wp-block-spacer\"><\/div>\n\n\n\n<blockquote class=\"wp-block-quote is-layout-flow wp-block-quote-is-layout-flow\">\n<p class=\"wp-block-paragraph\">Adem\u00e1s enga\u00f1a\u00a0a los que moran en la tierra\u00a0a causa de las se\u00f1ales que se le concedi\u00f3 hacer\u00a0en presencia de\u00a0la bestia, diciendo a los moradores de la tierra que hagan una imagen de la bestia que ten\u00eda la herida de la espada\u00a0y que ha vuelto a vivir.<\/p>\n<\/blockquote>\n\n\n\n<div style=\"height:40px\" aria-hidden=\"true\" class=\"wp-block-spacer\"><\/div>\n\n\n\n<p class=\"wp-block-paragraph\"><strong>\u00bfPor qu\u00e9 se describe a las dos bestias con tantos rasgos tomados de los profetas del Antiguo Testamento y de Dios y en t\u00e9rminos sorprendentemente similares a las descripciones de Dios, el Cordero y los cristianos en otras partes del Apocalipsis?<\/strong><\/p>\n\n\n\n<p class=\"wp-block-paragraph\">La raz\u00f3n es que intentan validar su autoridad divina de la misma manera que los profetas &#8211; leamos lo que dice <strong>II de Corintios 11:13-15<\/strong>:<\/p>\n\n\n\n<blockquote class=\"wp-block-quote is-layout-flow wp-block-quote-is-layout-flow\">\n<p class=\"wp-block-paragraph\"><sup>13\u00a0<\/sup>Porque los tales son falsos ap\u00f3stoles, obreros fraudulentos, que se disfrazan como ap\u00f3stoles de Cristo.\u00a0<sup>14\u00a0<\/sup>Y no es de extra\u00f1ar, pues aun Satan\u00e1s\u00a0se disfraza como \u00e1ngel de luz.\u00a0<sup>15\u00a0<\/sup>Por tanto, no es de sorprender que sus servidores\u00a0tambi\u00e9n se disfracen como servidores\u00a0de justicia, cuyo fin ser\u00e1 conforme a sus obras.<\/p>\n<\/blockquote>\n\n\n\n<div style=\"height:39px\" aria-hidden=\"true\" class=\"wp-block-spacer\"><\/div>\n\n\n\n<p class=\"wp-block-paragraph\">Esto se expresa expl\u00edcitamente en la frase \u00ab<em><strong>Adem\u00e1s enga\u00f1a\u00a0a los que moran en la tierra\u00a0a causa de las se\u00f1ales que se le concedi\u00f3 hacer\u00a0en presencia de\u00a0la bestia<\/strong><\/em>\u00bb &#8211; los verdaderos profetas reciben su inspiraci\u00f3n y sus encargos cuando est\u00e1n ante la presencia del Se\u00f1or. As\u00ed que, del mismo modo, el falso profeta recibe su inspiraci\u00f3n y su comisi\u00f3n ciando act\u00faa en presencia de la bestia. <\/p>\n\n\n\n<p class=\"wp-block-paragraph\">Los verdaderos agentes de Dios, por el poder del Esp\u00edritu, realizan se\u00f1ales para dar gloria a Dios, mientras que estas se\u00f1ales demoniacas convencen a los que \u00abmoran en la tierra\u00bb de la autoridad no de Dios sino de la bestia.<\/p>\n\n\n\n<div style=\"height:47px\" aria-hidden=\"true\" class=\"wp-block-spacer\"><\/div>\n\n\n\n<h2 class=\"wp-block-heading\">EL ENGA\u00d1O<\/h2>\n\n\n\n<div style=\"height:45px\" aria-hidden=\"true\" class=\"wp-block-spacer\"><\/div>\n\n\n\n<p class=\"wp-block-paragraph\">El enga\u00f1o hace que acepten su orden \u00abque hagan una imagen de la bestia\u00bb &#8211; esta orden anticipa la referencia expl\u00edcita a la imagen de <strong>Daniel 3<\/strong> en el <strong>verso 15<\/strong>. La orden de realzar idolatr\u00edas alude en parte a la presi\u00f3n ejercida sobre la poblaci\u00f3n y las iglesias de Asia Menor para que rindieran homenaje a la imagen del C\u00e9sar como ser divino. A finales del siglo I, todas las ciudades a las que se dirigen las cartas ten\u00edan templos dedicados a la deidad del C\u00e9sar. A la luz de la influencia de Daniel a lo largo de este cap\u00edtulo, la bestia que enga\u00f1a aqu\u00ed puede ser un eco del rey de los \u00faltimos tiempos de Daniel que \u00abhar\u00e1 que el enga\u00f1o prospere por su influencia\u00bb &#8211;<strong>Daniel 8:25<\/strong>, y \u00abcon halagos corromper\u00e1 (convertir\u00e1) a los que obran inicuamente\u00bb (<strong>Daniel 11:32<\/strong>). La descripci\u00f3n final de la bestia como el que <em><strong>ten\u00eda la herida de la espada y que ha vuelto a vivir<\/strong><\/em> es una repetici\u00f3n ampliada de las descripciones similares anteriores de la bestia como curada de su herida mortal &#8211;<strong>13:3, 12<\/strong>.<\/p>\n\n\n\n<div style=\"height:100px\" aria-hidden=\"true\" class=\"wp-block-spacer\"><\/div>\n\n\n\n<h2 class=\"wp-block-heading\">REFLEXIONANDO<\/h2>\n\n\n\n<p class=\"wp-block-paragraph\"><\/p>\n\n\n\n<div style=\"height:54px\" aria-hidden=\"true\" class=\"wp-block-spacer\"><\/div>\n\n\n\n<figure class=\"wp-block-image size-large is-resized\"><img loading=\"lazy\" decoding=\"async\" width=\"1024\" height=\"683\" src=\"https:\/\/ministeriosdiaadia.cl\/wp-content\/uploads\/2026\/02\/illustration-man-woman-sitting-together-deeply-engaged-reading-books-surrounded-by-cozy-environment-filled-with-shelves-literature-shared-love-reading-as-hobby-3-1024x683.jpg\" alt=\"\" class=\"wp-image-827\" style=\"aspect-ratio:1.4993026102302809;width:619px;height:auto\" srcset=\"https:\/\/ministeriosdiaadia.cl\/wp-content\/uploads\/2026\/02\/illustration-man-woman-sitting-together-deeply-engaged-reading-books-surrounded-by-cozy-environment-filled-with-shelves-literature-shared-love-reading-as-hobby-3-980x653.jpg 980w, https:\/\/ministeriosdiaadia.cl\/wp-content\/uploads\/2026\/02\/illustration-man-woman-sitting-together-deeply-engaged-reading-books-surrounded-by-cozy-environment-filled-with-shelves-literature-shared-love-reading-as-hobby-3-480x320.jpg 480w\" sizes=\"(min-width: 0px) and (max-width: 480px) 480px, (min-width: 481px) and (max-width: 980px) 980px, (min-width: 981px) 1024px, 100vw\" \/><\/figure>\n\n\n\n<div style=\"height:100px\" aria-hidden=\"true\" class=\"wp-block-spacer\"><\/div>\n\n\n\n<h2 class=\"wp-block-heading\">LA MENTE: EL CAMPO DE BATALLA<\/h2>\n\n\n\n<div style=\"height:37px\" aria-hidden=\"true\" class=\"wp-block-spacer\"><\/div>\n\n\n\n<p class=\"wp-block-paragraph\">\u00bfC\u00f3mo podr\u00edamos aplicar a nuestras vidas la lectura de este verso hoy? Bueno, durante estos d\u00edas hemos estado hablando de como el enemigo ha intentado a trav\u00e9s de todos los tiempos enga\u00f1ar al pueblo de Dios y al mundo imitando la obra de Dios, imitando la obra de Cristo.<\/p>\n\n\n\n<p class=\"wp-block-paragraph\">Vivir como creyente en un sistema que la Biblia llama \u00abel mundo\u00bb no es un llamado al aislamiento, <strong>sino a una\u00a0resistencia espiritual\u00a0basada en el discernimiento<\/strong>. Desde una perspectiva reformada, entendemos que el mundo, bajo la influencia del pecado, opera mediante una \u00ab<strong>anticosmovisi\u00f3n<\/strong>\u00bb que busca desplazar <strong>la soberan\u00eda de Dios<\/strong> por la autonom\u00eda del hombre.<\/p>\n\n\n\n<p class=\"wp-block-paragraph\"><strong>El enga\u00f1o de este sistema no siempre es frontal<\/strong>; suele ser sutil, disfrazando lo falso de razonable o atractivo. Para no ser moldeado por este siglo (<strong>Romanos 12:2<\/strong>), el creyente debe reconocer que su mente es el principal campo de batalla. Aqu\u00ed es donde la\u00a0<strong>doctrina de la Sola Scriptura<\/strong>\u00a0se vuelve vital: la Palabra de Dios no es solo una gu\u00eda moral, sino el est\u00e1ndar objetivo de la realidad.<\/p>\n\n\n\n<p class=\"wp-block-paragraph\">Solo la Verdad revelada puede actuar como un \u00ab<em><strong>filtro inerrante<\/strong><\/em>\u00ab. Mientras el mundo ofrece verdades relativas y cambiantes, la Escritura nos ancla en el car\u00e1cter inmutable de Dios y Su dise\u00f1o para la creaci\u00f3n. Estar preparado implica una\u00a0<strong>exposici\u00f3n constante<\/strong>\u00a0a la Biblia, para que nuestros sentidos sean entrenados en discernir el bien del mal. En \u00faltima instancia, es el Esp\u00edritu Santo, obrando a trav\u00e9s de la Palabra, quien nos guarda del error, record\u00e1ndonos que nuestra ciudadan\u00eda definitiva no pertenece a este sistema, sino al Reino de Cristo.<\/p>\n\n\n\n<div style=\"height:40px\" aria-hidden=\"true\" class=\"wp-block-spacer\"><\/div>\n\n\n\n<h2 class=\"wp-block-heading\">TRABAJA EN TU CUADERNO<\/h2>\n\n\n\n<div style=\"height:38px\" aria-hidden=\"true\" class=\"wp-block-spacer\"><\/div>\n\n\n\n<blockquote class=\"wp-block-quote is-layout-flow wp-block-quote-is-layout-flow\">\n<p class=\"wp-block-paragraph\"><sup>5\u00a0<\/sup>destruyendo especulaciones\u00a0y todo razonamiento altivo\u00a0que se levanta contra el conocimiento de Dios, y poniendo todo pensamiento en cautiverio a la obediencia de Cristo, &#8211; <strong>II Corintios 10:5<\/strong><\/p>\n<\/blockquote>\n\n\n\n<p class=\"wp-block-paragraph\"><\/p>\n\n\n\n<div style=\"height:40px\" aria-hidden=\"true\" class=\"wp-block-spacer\"><\/div>\n\n\n\n<p class=\"wp-block-paragraph\"><em><strong>Llevar todo pensamiento cautivo a la obediencia de Cristo<\/strong><\/em> significa derribar argumentos, altivez y pensamientos rebeldes, someti\u00e9ndolos voluntariamente a la voluntad y ense\u00f1anzas de Jes\u00fas. <strong>Es un proceso activo de santidad<\/strong> donde se reemplazan pensamientos nocivos o impuros con la verdad de la Biblia, reconociendo que la mente es un campo de batalla espiritual.<\/p>\n\n\n\n<p class=\"wp-block-paragraph\">Responde las siguientes preguntas en tu Cuaderno:<\/p>\n\n\n\n<p class=\"wp-block-paragraph\"><\/p>\n\n\n\n<ul class=\"wp-block-list\">\n<li>\u00bfDe qu\u00e9 maneras pr\u00e1cticas podemos \u00abfiltrar\u00bb cada uno de nuestros pensamientos, ideas o planes que se opongan al conocimiento y a los principios de Dios?<\/li>\n\n\n\n<li>\u00bfQu\u00e9 razonamiento o \u00abargumento\u00bb humano (como el miedo al futuro, la necesidad de aprobaci\u00f3n o la confianza en el dinero) es el que m\u00e1s intenta hoy dominar tu mente y desplazar la confianza en la soberan\u00eda de Dios?<\/li>\n\n\n\n<li>Cuando detectas un pensamiento que no se alinea con el Evangelio (como el rencor o la envidia), \u00bfcu\u00e1l es tu estrategia inmediata para \u00abllevarlo cautivo\u00bb? \u00bfSustituyes esa mentira con una\u00a0<strong>promesa b\u00edblica<\/strong>\u00a0espec\u00edfica o dejas que el pensamiento corra libremente?<\/li>\n\n\n\n<li>El vers\u00edculo termina en la \u00abobediencia a Cristo\u00bb. \u00bfDe qu\u00e9 manera someter ese pensamiento espec\u00edfico cambiar\u00eda tu\u00a0<strong>reacci\u00f3n externa<\/strong>\u00a0hoy mismo (en una conversaci\u00f3n dif\u00edcil, en tu actitud al trabajar o en el uso de tu tiempo libre)?<\/li>\n<\/ul>\n\n\n\n<div style=\"height:67px\" aria-hidden=\"true\" class=\"wp-block-spacer\"><\/div>\n\n\n\n<figure class=\"wp-block-embed is-type-rich is-provider-spotify wp-block-embed-spotify wp-embed-aspect-21-9 wp-has-aspect-ratio\"><div class=\"wp-block-embed__wrapper\">\n<iframe title=\"Spotify Embed: Cu\u00e1n firme cimiento (En Vivo)\" style=\"border-radius: 12px\" width=\"100%\" height=\"152\" frameborder=\"0\" allowfullscreen allow=\"autoplay; clipboard-write; encrypted-media; fullscreen; picture-in-picture\" loading=\"lazy\" src=\"https:\/\/open.spotify.com\/embed\/track\/0WGGx3qQKiP7gazbZhWP1s?si=9324ad12a8a04486&amp;utm_source=oembed\"><\/iframe>\n<\/div><\/figure>\n","protected":false},"excerpt":{"rendered":"<p>Adem\u00e1s enga\u00f1a\u00a0a los que moran en la tierra\u00a0a causa de las se\u00f1ales que se le concedi\u00f3 hacer\u00a0en presencia de\u00a0la bestia, diciendo a los moradores de la tierra que hagan una imagen de la bestia que ten\u00eda la herida de la espada\u00a0y que ha vuelto a vivir. \u00bfPor qu\u00e9 se describe a las dos bestias con [&hellip;]<\/p>\n","protected":false},"author":1,"featured_media":882,"comment_status":"open","ping_status":"open","sticky":false,"template":"","format":"standard","meta":{"_et_pb_use_builder":"off","_et_pb_old_content":"","_et_gb_content_width":"","_monsterinsights_skip_tracking":false,"footnotes":""},"categories":[4,3],"tags":[],"class_list":["post-879","post","type-post","status-publish","format-standard","has-post-thumbnail","hentry","category-apocalipsis","category-dia-a-dia"],"aioseo_notices":[],"aioseo_head":"\n\t\t<!-- All in One SEO 5.0.1.1 - aioseo.com -->\n\t<meta name=\"robots\" content=\"max-image-preview:large\" \/>\n\t<meta name=\"author\" content=\"Pastor Carlos\"\/>\n\t<link rel=\"canonical\" href=\"https:\/\/ministeriosdiaadia.cl\/index.php\/2026\/03\/23\/apocalipsis-1314\/\" \/>\n\t<meta name=\"generator\" content=\"All in One SEO (AIOSEO) 5.0.1.1\" \/>\n\t\t<meta property=\"og:locale\" content=\"es_ES\" \/>\n\t\t<meta property=\"og:site_name\" content=\"MINISTERIOS DIA A DIA - Un ministerio de acompa\u00f1amiento espiritual\" \/>\n\t\t<meta property=\"og:type\" content=\"article\" \/>\n\t\t<meta property=\"og:title\" content=\"APOCALIPSIS 13:14 - MINISTERIOS DIA A DIA\" \/>\n\t\t<meta property=\"og:url\" content=\"https:\/\/ministeriosdiaadia.cl\/index.php\/2026\/03\/23\/apocalipsis-1314\/\" \/>\n\t\t<meta property=\"article:published_time\" content=\"2026-03-23T10:10:54+00:00\" \/>\n\t\t<meta property=\"article:modified_time\" content=\"2026-03-23T11:04:30+00:00\" \/>\n\t\t<meta name=\"twitter:card\" content=\"summary_large_image\" \/>\n\t\t<meta name=\"twitter:title\" content=\"APOCALIPSIS 13:14 - MINISTERIOS DIA A DIA\" \/>\n\t\t<script type=\"application\/ld+json\" class=\"aioseo-schema\">\n\t\t\t{\"@context\":\"https:\\\/\\\/schema.org\",\"@graph\":[{\"@type\":\"BlogPosting\",\"@id\":\"https:\\\/\\\/ministeriosdiaadia.cl\\\/index.php\\\/2026\\\/03\\\/23\\\/apocalipsis-1314\\\/#blogposting\",\"name\":\"APOCALIPSIS 13:14 - MINISTERIOS DIA A DIA\",\"headline\":\"APOCALIPSIS 13:14\",\"author\":{\"@id\":\"https:\\\/\\\/ministeriosdiaadia.cl\\\/index.php\\\/author\\\/admin_85kkxhyd\\\/#author\"},\"publisher\":{\"@id\":\"https:\\\/\\\/ministeriosdiaadia.cl\\\/#organization\"},\"image\":{\"@type\":\"ImageObject\",\"url\":\"https:\\\/\\\/ministeriosdiaadia.cl\\\/wp-content\\\/uploads\\\/2026\\\/03\\\/IMAGEN-DESTACADA.jpg\",\"width\":1200,\"height\":628},\"datePublished\":\"2026-03-23T07:10:54-03:00\",\"dateModified\":\"2026-03-23T08:04:30-03:00\",\"inLanguage\":\"es-ES\",\"mainEntityOfPage\":{\"@id\":\"https:\\\/\\\/ministeriosdiaadia.cl\\\/index.php\\\/2026\\\/03\\\/23\\\/apocalipsis-1314\\\/#webpage\"},\"isPartOf\":{\"@id\":\"https:\\\/\\\/ministeriosdiaadia.cl\\\/index.php\\\/2026\\\/03\\\/23\\\/apocalipsis-1314\\\/#webpage\"},\"articleSection\":\"APOCALIPSIS, D\\u00cdA A D\\u00cdA\"},{\"@type\":\"BreadcrumbList\",\"@id\":\"https:\\\/\\\/ministeriosdiaadia.cl\\\/index.php\\\/2026\\\/03\\\/23\\\/apocalipsis-1314\\\/#breadcrumblist\",\"itemListElement\":[{\"@type\":\"ListItem\",\"@id\":\"https:\\\/\\\/ministeriosdiaadia.cl#listItem\",\"position\":1,\"name\":\"Home\",\"item\":\"https:\\\/\\\/ministeriosdiaadia.cl\",\"nextItem\":{\"@type\":\"ListItem\",\"@id\":\"https:\\\/\\\/ministeriosdiaadia.cl\\\/index.php\\\/category\\\/dia-a-dia\\\/#listItem\",\"name\":\"D\\u00cdA A D\\u00cdA\"}},{\"@type\":\"ListItem\",\"@id\":\"https:\\\/\\\/ministeriosdiaadia.cl\\\/index.php\\\/category\\\/dia-a-dia\\\/#listItem\",\"position\":2,\"name\":\"D\\u00cdA A D\\u00cdA\",\"item\":\"https:\\\/\\\/ministeriosdiaadia.cl\\\/index.php\\\/category\\\/dia-a-dia\\\/\",\"nextItem\":{\"@type\":\"ListItem\",\"@id\":\"https:\\\/\\\/ministeriosdiaadia.cl\\\/index.php\\\/category\\\/dia-a-dia\\\/apocalipsis\\\/#listItem\",\"name\":\"APOCALIPSIS\"},\"previousItem\":{\"@type\":\"ListItem\",\"@id\":\"https:\\\/\\\/ministeriosdiaadia.cl#listItem\",\"name\":\"Home\"}},{\"@type\":\"ListItem\",\"@id\":\"https:\\\/\\\/ministeriosdiaadia.cl\\\/index.php\\\/category\\\/dia-a-dia\\\/apocalipsis\\\/#listItem\",\"position\":3,\"name\":\"APOCALIPSIS\",\"item\":\"https:\\\/\\\/ministeriosdiaadia.cl\\\/index.php\\\/category\\\/dia-a-dia\\\/apocalipsis\\\/\",\"nextItem\":{\"@type\":\"ListItem\",\"@id\":\"https:\\\/\\\/ministeriosdiaadia.cl\\\/index.php\\\/2026\\\/03\\\/23\\\/apocalipsis-1314\\\/#listItem\",\"name\":\"APOCALIPSIS 13:14\"},\"previousItem\":{\"@type\":\"ListItem\",\"@id\":\"https:\\\/\\\/ministeriosdiaadia.cl\\\/index.php\\\/category\\\/dia-a-dia\\\/#listItem\",\"name\":\"D\\u00cdA A D\\u00cdA\"}},{\"@type\":\"ListItem\",\"@id\":\"https:\\\/\\\/ministeriosdiaadia.cl\\\/index.php\\\/2026\\\/03\\\/23\\\/apocalipsis-1314\\\/#listItem\",\"position\":4,\"name\":\"APOCALIPSIS 13:14\",\"previousItem\":{\"@type\":\"ListItem\",\"@id\":\"https:\\\/\\\/ministeriosdiaadia.cl\\\/index.php\\\/category\\\/dia-a-dia\\\/apocalipsis\\\/#listItem\",\"name\":\"APOCALIPSIS\"}}]},{\"@type\":\"Organization\",\"@id\":\"https:\\\/\\\/ministeriosdiaadia.cl\\\/#organization\",\"name\":\"MINISTERIOS DIA A DIA\",\"description\":\"Un ministerio de acompa\\u00f1amiento espiritual\",\"url\":\"https:\\\/\\\/ministeriosdiaadia.cl\\\/\"},{\"@type\":\"Person\",\"@id\":\"https:\\\/\\\/ministeriosdiaadia.cl\\\/index.php\\\/author\\\/admin_85kkxhyd\\\/#author\",\"url\":\"https:\\\/\\\/ministeriosdiaadia.cl\\\/index.php\\\/author\\\/admin_85kkxhyd\\\/\",\"name\":\"Pastor Carlos\",\"image\":{\"@type\":\"ImageObject\",\"@id\":\"https:\\\/\\\/ministeriosdiaadia.cl\\\/index.php\\\/2026\\\/03\\\/23\\\/apocalipsis-1314\\\/#authorImage\",\"url\":\"https:\\\/\\\/secure.gravatar.com\\\/avatar\\\/26b5f8890c89288a41e21f7e879ead6e0151f5ffae28bf22debe6e84cf0942f4?s=96&d=mm&r=g\",\"width\":96,\"height\":96,\"caption\":\"Pastor Carlos\"}},{\"@type\":\"WebPage\",\"@id\":\"https:\\\/\\\/ministeriosdiaadia.cl\\\/index.php\\\/2026\\\/03\\\/23\\\/apocalipsis-1314\\\/#webpage\",\"url\":\"https:\\\/\\\/ministeriosdiaadia.cl\\\/index.php\\\/2026\\\/03\\\/23\\\/apocalipsis-1314\\\/\",\"name\":\"APOCALIPSIS 13:14 - MINISTERIOS DIA A DIA\",\"inLanguage\":\"es-ES\",\"isPartOf\":{\"@id\":\"https:\\\/\\\/ministeriosdiaadia.cl\\\/#website\"},\"breadcrumb\":{\"@id\":\"https:\\\/\\\/ministeriosdiaadia.cl\\\/index.php\\\/2026\\\/03\\\/23\\\/apocalipsis-1314\\\/#breadcrumblist\"},\"author\":{\"@id\":\"https:\\\/\\\/ministeriosdiaadia.cl\\\/index.php\\\/author\\\/admin_85kkxhyd\\\/#author\"},\"creator\":{\"@id\":\"https:\\\/\\\/ministeriosdiaadia.cl\\\/index.php\\\/author\\\/admin_85kkxhyd\\\/#author\"},\"image\":{\"@type\":\"ImageObject\",\"url\":\"https:\\\/\\\/ministeriosdiaadia.cl\\\/wp-content\\\/uploads\\\/2026\\\/03\\\/IMAGEN-DESTACADA.jpg\",\"@id\":\"https:\\\/\\\/ministeriosdiaadia.cl\\\/index.php\\\/2026\\\/03\\\/23\\\/apocalipsis-1314\\\/#mainImage\",\"width\":1200,\"height\":628},\"primaryImageOfPage\":{\"@id\":\"https:\\\/\\\/ministeriosdiaadia.cl\\\/index.php\\\/2026\\\/03\\\/23\\\/apocalipsis-1314\\\/#mainImage\"},\"datePublished\":\"2026-03-23T07:10:54-03:00\",\"dateModified\":\"2026-03-23T08:04:30-03:00\"},{\"@type\":\"WebSite\",\"@id\":\"https:\\\/\\\/ministeriosdiaadia.cl\\\/#website\",\"url\":\"https:\\\/\\\/ministeriosdiaadia.cl\\\/\",\"name\":\"MINISTERIOS DIA A DIA\",\"description\":\"Un ministerio de acompa\\u00f1amiento espiritual\",\"inLanguage\":\"es-ES\",\"publisher\":{\"@id\":\"https:\\\/\\\/ministeriosdiaadia.cl\\\/#organization\"}}]}\n\t\t<\/script>\n\t\t<!-- All in One SEO -->\n\n","aioseo_head_json":{"title":"APOCALIPSIS 13:14 - MINISTERIOS DIA A DIA","description":"","canonical_url":"https:\/\/ministeriosdiaadia.cl\/index.php\/2026\/03\/23\/apocalipsis-1314\/","robots":"max-image-preview:large","keywords":"","webmasterTools":{"miscellaneous":""},"schema":{"@context":"https:\/\/schema.org","@graph":[{"@type":"BlogPosting","@id":"https:\/\/ministeriosdiaadia.cl\/index.php\/2026\/03\/23\/apocalipsis-1314\/#blogposting","name":"APOCALIPSIS 13:14 - MINISTERIOS DIA A DIA","headline":"APOCALIPSIS 13:14","author":{"@id":"https:\/\/ministeriosdiaadia.cl\/index.php\/author\/admin_85kkxhyd\/#author"},"publisher":{"@id":"https:\/\/ministeriosdiaadia.cl\/#organization"},"image":{"@type":"ImageObject","url":"https:\/\/ministeriosdiaadia.cl\/wp-content\/uploads\/2026\/03\/IMAGEN-DESTACADA.jpg","width":1200,"height":628},"datePublished":"2026-03-23T07:10:54-03:00","dateModified":"2026-03-23T08:04:30-03:00","inLanguage":"es-ES","mainEntityOfPage":{"@id":"https:\/\/ministeriosdiaadia.cl\/index.php\/2026\/03\/23\/apocalipsis-1314\/#webpage"},"isPartOf":{"@id":"https:\/\/ministeriosdiaadia.cl\/index.php\/2026\/03\/23\/apocalipsis-1314\/#webpage"},"articleSection":"APOCALIPSIS, D\u00cdA A D\u00cdA"},{"@type":"BreadcrumbList","@id":"https:\/\/ministeriosdiaadia.cl\/index.php\/2026\/03\/23\/apocalipsis-1314\/#breadcrumblist","itemListElement":[{"@type":"ListItem","@id":"https:\/\/ministeriosdiaadia.cl#listItem","position":1,"name":"Home","item":"https:\/\/ministeriosdiaadia.cl","nextItem":{"@type":"ListItem","@id":"https:\/\/ministeriosdiaadia.cl\/index.php\/category\/dia-a-dia\/#listItem","name":"D\u00cdA A D\u00cdA"}},{"@type":"ListItem","@id":"https:\/\/ministeriosdiaadia.cl\/index.php\/category\/dia-a-dia\/#listItem","position":2,"name":"D\u00cdA A D\u00cdA","item":"https:\/\/ministeriosdiaadia.cl\/index.php\/category\/dia-a-dia\/","nextItem":{"@type":"ListItem","@id":"https:\/\/ministeriosdiaadia.cl\/index.php\/category\/dia-a-dia\/apocalipsis\/#listItem","name":"APOCALIPSIS"},"previousItem":{"@type":"ListItem","@id":"https:\/\/ministeriosdiaadia.cl#listItem","name":"Home"}},{"@type":"ListItem","@id":"https:\/\/ministeriosdiaadia.cl\/index.php\/category\/dia-a-dia\/apocalipsis\/#listItem","position":3,"name":"APOCALIPSIS","item":"https:\/\/ministeriosdiaadia.cl\/index.php\/category\/dia-a-dia\/apocalipsis\/","nextItem":{"@type":"ListItem","@id":"https:\/\/ministeriosdiaadia.cl\/index.php\/2026\/03\/23\/apocalipsis-1314\/#listItem","name":"APOCALIPSIS 13:14"},"previousItem":{"@type":"ListItem","@id":"https:\/\/ministeriosdiaadia.cl\/index.php\/category\/dia-a-dia\/#listItem","name":"D\u00cdA A D\u00cdA"}},{"@type":"ListItem","@id":"https:\/\/ministeriosdiaadia.cl\/index.php\/2026\/03\/23\/apocalipsis-1314\/#listItem","position":4,"name":"APOCALIPSIS 13:14","previousItem":{"@type":"ListItem","@id":"https:\/\/ministeriosdiaadia.cl\/index.php\/category\/dia-a-dia\/apocalipsis\/#listItem","name":"APOCALIPSIS"}}]},{"@type":"Organization","@id":"https:\/\/ministeriosdiaadia.cl\/#organization","name":"MINISTERIOS DIA A DIA","description":"Un ministerio de acompa\u00f1amiento espiritual","url":"https:\/\/ministeriosdiaadia.cl\/"},{"@type":"Person","@id":"https:\/\/ministeriosdiaadia.cl\/index.php\/author\/admin_85kkxhyd\/#author","url":"https:\/\/ministeriosdiaadia.cl\/index.php\/author\/admin_85kkxhyd\/","name":"Pastor Carlos","image":{"@type":"ImageObject","@id":"https:\/\/ministeriosdiaadia.cl\/index.php\/2026\/03\/23\/apocalipsis-1314\/#authorImage","url":"https:\/\/secure.gravatar.com\/avatar\/26b5f8890c89288a41e21f7e879ead6e0151f5ffae28bf22debe6e84cf0942f4?s=96&d=mm&r=g","width":96,"height":96,"caption":"Pastor Carlos"}},{"@type":"WebPage","@id":"https:\/\/ministeriosdiaadia.cl\/index.php\/2026\/03\/23\/apocalipsis-1314\/#webpage","url":"https:\/\/ministeriosdiaadia.cl\/index.php\/2026\/03\/23\/apocalipsis-1314\/","name":"APOCALIPSIS 13:14 - MINISTERIOS DIA A DIA","inLanguage":"es-ES","isPartOf":{"@id":"https:\/\/ministeriosdiaadia.cl\/#website"},"breadcrumb":{"@id":"https:\/\/ministeriosdiaadia.cl\/index.php\/2026\/03\/23\/apocalipsis-1314\/#breadcrumblist"},"author":{"@id":"https:\/\/ministeriosdiaadia.cl\/index.php\/author\/admin_85kkxhyd\/#author"},"creator":{"@id":"https:\/\/ministeriosdiaadia.cl\/index.php\/author\/admin_85kkxhyd\/#author"},"image":{"@type":"ImageObject","url":"https:\/\/ministeriosdiaadia.cl\/wp-content\/uploads\/2026\/03\/IMAGEN-DESTACADA.jpg","@id":"https:\/\/ministeriosdiaadia.cl\/index.php\/2026\/03\/23\/apocalipsis-1314\/#mainImage","width":1200,"height":628},"primaryImageOfPage":{"@id":"https:\/\/ministeriosdiaadia.cl\/index.php\/2026\/03\/23\/apocalipsis-1314\/#mainImage"},"datePublished":"2026-03-23T07:10:54-03:00","dateModified":"2026-03-23T08:04:30-03:00"},{"@type":"WebSite","@id":"https:\/\/ministeriosdiaadia.cl\/#website","url":"https:\/\/ministeriosdiaadia.cl\/","name":"MINISTERIOS DIA A DIA","description":"Un ministerio de acompa\u00f1amiento espiritual","inLanguage":"es-ES","publisher":{"@id":"https:\/\/ministeriosdiaadia.cl\/#organization"}}]},"og:locale":"es_ES","og:site_name":"MINISTERIOS DIA A DIA - Un ministerio de acompa\u00f1amiento espiritual","og:type":"article","og:title":"APOCALIPSIS 13:14 - MINISTERIOS DIA A DIA","og:url":"https:\/\/ministeriosdiaadia.cl\/index.php\/2026\/03\/23\/apocalipsis-1314\/","article:published_time":"2026-03-23T10:10:54+00:00","article:modified_time":"2026-03-23T11:04:30+00:00","twitter:card":"summary_large_image","twitter:title":"APOCALIPSIS 13:14 - MINISTERIOS DIA A DIA"},"aioseo_meta_data":{"post_id":"879","title":null,"description":null,"keywords":null,"keyphrases":null,"focus_keyword":null,"additional_keywords":null,"truseo_locale":null,"primary_term":null,"canonical_url":null,"og_title":null,"og_description":null,"og_object_type":"default","og_image_type":"default","og_image_custom_url":null,"og_image_custom_fields":null,"og_image_url":null,"og_image_width":null,"og_image_height":null,"og_video":null,"og_custom_url":null,"og_article_section":null,"og_article_tags":null,"twitter_use_og":false,"twitter_card":"default","twitter_image_type":"default","twitter_image_custom_url":null,"twitter_image_custom_fields":null,"twitter_image_url":null,"twitter_title":null,"twitter_description":null,"schema_type":"default","schema_type_options":null,"schema":{"blockGraphs":[],"customGraphs":[],"default":{"data":{"Article":[],"Course":[],"Dataset":[],"FAQPage":[],"Movie":[],"Person":[],"Product":[],"ProductReview":[],"Car":[],"Recipe":[],"Service":[],"SoftwareApplication":[],"WebPage":[]},"graphName":"","isEnabled":true},"graphs":[]},"pillar_content":false,"robots_default":true,"robots_noindex":false,"robots_noarchive":false,"robots_nosnippet":false,"robots_nofollow":false,"robots_noimageindex":false,"robots_noodp":false,"robots_notranslate":false,"robots_max_snippet":null,"robots_max_videopreview":null,"robots_max_imagepreview":"large","priority":null,"frequency":null,"local_seo":null,"limit_modified_date":false,"ai":null,"breadcrumb_settings":null,"seo_analyzer_scan_date":null,"created":"2026-08-20 04:19:19","updated":"2026-08-20 04:19:19"},"aioseo_breadcrumb":"<div class=\"aioseo-breadcrumbs\"><span class=\"aioseo-breadcrumb\">\n\t\t\t<a href=\"https:\/\/ministeriosdiaadia.cl\" title=\"Home\">Home<\/a>\n\t\t<\/span><span class=\"aioseo-breadcrumb-separator\">&raquo;<\/span><span class=\"aioseo-breadcrumb\">\n\t\t\t<a href=\"https:\/\/ministeriosdiaadia.cl\/index.php\/category\/dia-a-dia\/\" title=\"D\u00cdA A D\u00cdA\">D\u00cdA A D\u00cdA<\/a>\n\t\t<\/span><span class=\"aioseo-breadcrumb-separator\">&raquo;<\/span><span class=\"aioseo-breadcrumb\">\n\t\t\t<a href=\"https:\/\/ministeriosdiaadia.cl\/index.php\/category\/dia-a-dia\/apocalipsis\/\" title=\"APOCALIPSIS\">APOCALIPSIS<\/a>\n\t\t<\/span><span class=\"aioseo-breadcrumb-separator\">&raquo;<\/span><span class=\"aioseo-breadcrumb\">\n\t\t\tAPOCALIPSIS 13:14\n\t\t<\/span><\/div>","aioseo_breadcrumb_json":[{"label":"Home","link":"https:\/\/ministeriosdiaadia.cl"},{"label":"D\u00cdA A D\u00cdA","link":"https:\/\/ministeriosdiaadia.cl\/index.php\/category\/dia-a-dia\/"},{"label":"APOCALIPSIS","link":"https:\/\/ministeriosdiaadia.cl\/index.php\/category\/dia-a-dia\/apocalipsis\/"},{"label":"APOCALIPSIS 13:14","link":"https:\/\/ministeriosdiaadia.cl\/index.php\/2026\/03\/23\/apocalipsis-1314\/"}],"_links":{"self":[{"href":"https:\/\/ministeriosdiaadia.cl\/index.php\/wp-json\/wp\/v2\/posts\/879","targetHints":{"allow":["GET"]}}],"collection":[{"href":"https:\/\/ministeriosdiaadia.cl\/index.php\/wp-json\/wp\/v2\/posts"}],"about":[{"href":"https:\/\/ministeriosdiaadia.cl\/index.php\/wp-json\/wp\/v2\/types\/post"}],"author":[{"embeddable":true,"href":"https:\/\/ministeriosdiaadia.cl\/index.php\/wp-json\/wp\/v2\/users\/1"}],"replies":[{"embeddable":true,"href":"https:\/\/ministeriosdiaadia.cl\/index.php\/wp-json\/wp\/v2\/comments?post=879"}],"version-history":[{"count":4,"href":"https:\/\/ministeriosdiaadia.cl\/index.php\/wp-json\/wp\/v2\/posts\/879\/revisions"}],"predecessor-version":[{"id":886,"href":"https:\/\/ministeriosdiaadia.cl\/index.php\/wp-json\/wp\/v2\/posts\/879\/revisions\/886"}],"wp:featuredmedia":[{"embeddable":true,"href":"https:\/\/ministeriosdiaadia.cl\/index.php\/wp-json\/wp\/v2\/media\/882"}],"wp:attachment":[{"href":"https:\/\/ministeriosdiaadia.cl\/index.php\/wp-json\/wp\/v2\/media?parent=879"}],"wp:term":[{"taxonomy":"category","embeddable":true,"href":"https:\/\/ministeriosdiaadia.cl\/index.php\/wp-json\/wp\/v2\/categories?post=879"},{"taxonomy":"post_tag","embeddable":true,"href":"https:\/\/ministeriosdiaadia.cl\/index.php\/wp-json\/wp\/v2\/tags?post=879"}],"curies":[{"name":"wp","href":"https:\/\/api.w.org\/{rel}","templated":true}]}}