{"id":843,"date":"2026-03-03T10:58:45","date_gmt":"2026-03-03T13:58:45","guid":{"rendered":"https:\/\/ministeriosdiaadia.cl\/?p=843"},"modified":"2026-03-03T12:41:09","modified_gmt":"2026-03-03T15:41:09","slug":"apocalipsis-137-8","status":"publish","type":"post","link":"https:\/\/ministeriosdiaadia.cl\/index.php\/2026\/03\/03\/apocalipsis-137-8\/","title":{"rendered":"APOCALIPSIS 13:7-8"},"content":{"rendered":"\n<blockquote class=\"wp-block-quote is-layout-flow wp-block-quote-is-layout-flow\">\n<p class=\"wp-block-paragraph\">\u00a0<sup>7\u00a0<\/sup>Se le concedi\u00f3 hacer guerra contra los santos\u00a0y vencerlos. Y <strong>se le dio autoridad<\/strong> sobre toda tribu, pueblo, lengua y naci\u00f3n.\u00a0<sup>8\u00a0<\/sup><strong>Adorar\u00e1n a la bestia todos los que moran en la tierra<\/strong>, <em>cuyos nombres no han sido escritos\u00a0desde la fundaci\u00f3n del mundo\u00a0en el libro de la vida<\/em> del Cordero que fue inmolado.<\/p>\n<\/blockquote>\n\n\n\n<div style=\"height:56px\" aria-hidden=\"true\" class=\"wp-block-spacer\"><\/div>\n\n\n\n<p class=\"wp-block-paragraph\">En este verso 7 volvemos la mirada nuevamente hacia Daniel 7, espec\u00edficamente en los verso 8, 11 y 21, comprobando que todas estas cosas, y principalmente la actividad de la bestia est\u00e1 comenzando a cumplirse.<\/p>\n\n\n\n<blockquote class=\"wp-block-quote is-layout-flow wp-block-quote-is-layout-flow\">\n<p class=\"wp-block-paragraph\">La frase \u00ab<em><strong>hacer guerra contra los santos\u00a0y vencerlos<\/strong><\/em>\u00bb &#8211; esta basada en Daniel 7:21 y predice un reino final en la tierra que perseguir\u00e1 y vencer\u00e1 a Israel, pero luego los propios enemigos de Israel ser\u00e1n juzgados y los santos heredar\u00e1n el reino del mundo (<strong>Daniel 7:22-27<\/strong>)<\/p>\n\n\n\n<p class=\"wp-block-paragraph\"><sup>22\u00a0<\/sup>hasta que vino el Anciano de D\u00edas y se hizo\u00a0justicia a favor de los santos del Alt\u00edsimo, y lleg\u00f3 el tiempo cuando los santos tomaron posesi\u00f3n del reino. <sup>23\u00a0<\/sup>\u00bbDespu\u00e9s me dijo: \u201cLa cuarta bestia ser\u00e1 un cuarto reino en la tierra, que ser\u00e1 diferente de todos los\u00a0<em>otros<\/em>\u00a0reinos. Devorar\u00e1 toda la tierra, la pisotear\u00e1 y la desmenuzar\u00e1.\u00a0<sup>24\u00a0<\/sup>Y los diez cuernos de este reino son diez reyes que se levantar\u00e1n, y otro se levantar\u00e1 despu\u00e9s de ellos. \u00c9l ser\u00e1 diferente de los anteriores y subyugar\u00e1 a tres reyes.\u00a0<sup>25\u00a0<\/sup>\u00c9l proferir\u00e1 palabras contra el Alt\u00edsimo\u00a0y afligir\u00e1 a los santos del Alt\u00edsimo, e intentar\u00e1 cambiar los tiempos y la ley. Y le ser\u00e1n entregados en sus manos por tres a\u00f1os y medio.\u00a0<sup>26\u00a0<\/sup>Pero el tribunal se sentar\u00e1\u00a0<em>para juzgar<\/em>, y su dominio le ser\u00e1 quitado, aniquilado y destruido para siempre.\u00a0<sup>27\u00a0<\/sup>Y la soberan\u00eda, el dominio y la grandeza de\u00a0<em>todos<\/em>\u00a0los reinos debajo de todo el cielo ser\u00e1n entregados al pueblo de los santos del Alt\u00edsimo. Su reino\u00a0<em>ser\u00e1<\/em>\u00a0un reino eterno, y todos los dominios le servir\u00e1n\u00a0y le obedecer\u00e1n\u201d &#8211; <strong>Dn. 7:22-27<\/strong><\/p>\n<\/blockquote>\n\n\n\n<div style=\"height:31px\" aria-hidden=\"true\" class=\"wp-block-spacer\"><\/div>\n\n\n\n<h3 class=\"wp-block-heading\">\u00bfQU\u00c9 ESTA VIENDO JUAN EN TODO ESTO?<\/h3>\n\n\n\n<p class=\"wp-block-paragraph\">Juan entiende que la profec\u00eda de Daniel 7 se cumplir\u00e1 en la persecuci\u00f3n del mundo a la iglesia en los \u00faltimos d\u00edas, que para \u00e9l comenz\u00f3 con la muerte y la resurrecci\u00f3n de Cristo &#8211; \u00bfRecuerda que lo estuvimos viendo en los versos y cap\u00edtulos anteriores?<\/p>\n\n\n\n<blockquote class=\"wp-block-quote is-layout-flow wp-block-quote-is-layout-flow\">\n<p class=\"wp-block-paragraph\"><em>Y <strong>se le dio autoridad <\/strong>sobre toda tribu, pueblo, lengua y naci\u00f3n.<\/em><\/p>\n<\/blockquote>\n\n\n\n<p class=\"wp-block-paragraph\">Es muy probable que Juan haya visto una implicaci\u00f3n ir\u00f3nica en la \u00abautoridad sobre toda tribu, pueblo, lengua y naci\u00f3n\u00bb, como un pobre y pat\u00e9tico intento de Satan\u00e1s de \u00abimitar\u00bb la autoridad de Cristo, y que todos los intentos de conquista que haga parecieran ser solo una parodia ir\u00f3nica del triunfo final del \u00abHijo del Hombre\u00bb, Cristo.<\/p>\n\n\n\n<div style=\"height:44px\" aria-hidden=\"true\" class=\"wp-block-spacer\"><\/div>\n\n\n\n<h3 class=\"wp-block-heading\">\u00bfQU\u00c9 INTENTA HACER JUAN CON TODO ESTO?<\/h3>\n\n\n\n<p class=\"wp-block-paragraph\">Intenta animar a los hermanos que le\u00edan sus escritos en aquel tiempo para que tuviesen claro el resultado final de la historia y el destino seguro de la iglesia. A pesar de que, temporalmente estaban sufriendo la persecuci\u00f3n y la opresi\u00f3n del estado romano ser\u00edan ellos los verdaderos triunfadores, vencedores definitivos que gobernar\u00edan por siempre con Jesucristo el Se\u00f1or.<\/p>\n\n\n\n<div style=\"height:40px\" aria-hidden=\"true\" class=\"wp-block-spacer\"><\/div>\n\n\n\n<h3 class=\"wp-block-heading\">LA F\u00d3RMULA CU\u00c1DRUPLE<\/h3>\n\n\n\n<p class=\"wp-block-paragraph\">&#8211; \u00ab<strong>tribu, pueblo, lengua y naci\u00f3n<\/strong>\u00bb &#8211; es solo una referencia a la humanidad en su totalidad, es decir, a todas las personas no redimidas.<\/p>\n\n\n\n<div style=\"height:46px\" aria-hidden=\"true\" class=\"wp-block-spacer\"><\/div>\n\n\n\n<blockquote class=\"wp-block-quote is-layout-flow wp-block-quote-is-layout-flow\">\n<p class=\"wp-block-paragraph\"><sup>8\u00a0<\/sup>Adorar\u00e1n a la bestia todos los que moran en la tierra, cuyos nombres no han sido escritos\u00a0desde la fundaci\u00f3n del mundo\u00a0en <strong>el libro de la vida<\/strong> del Cordero que fue inmolado.<\/p>\n<\/blockquote>\n\n\n\n<p class=\"wp-block-paragraph\"><strong>La frase \u00abel Libro de la Vida\u00bb<\/strong> aparece cinco veces en el libro de Apocalipsis aparte de este vers\u00edculo, aparece en el 3:5; 17:8; 20:12, 15; 21:27.<\/p>\n\n\n\n<p class=\"wp-block-paragraph\"><strong>La frase \u00abdesde la fundaci\u00f3n del mundo\u00bb<\/strong> alude a la predeterminaci\u00f3n soberana de Dios de sus escogidos, es decir, sus nombres fueron escritos antes de la creaci\u00f3n del mundo.<\/p>\n\n\n\n<p class=\"wp-block-paragraph\">La idea de \u00abu<strong>n libro de vida<\/strong>\u00bb para los justos y de \u00ab<strong>libros<\/strong>\u00bb de juicio para los imp\u00edos se basa en la misma idea dual en Daniel, as\u00ed como en <strong>Daniel 12:1-2<\/strong> \u00ab<strong>un libro de redenci\u00f3n<\/strong>\u00ab, y en Daniel 7:10 libros en los que se registran las acciones pecaminosas de los imp\u00edos:<\/p>\n\n\n\n<blockquote class=\"wp-block-quote is-layout-flow wp-block-quote-is-layout-flow\">\n<p class=\"wp-block-paragraph\"><strong>Daniel 12:1-2<\/strong> \u00ab\u00bbEn aquel tiempo se levantar\u00e1 Miguel, el gran pr\u00edncipe\u00a0que vela sobre\u00a0los hijos de tu pueblo. Ser\u00e1 un tiempo de angustia\u00a0cual nunca hubo desde que existen las naciones hasta entonces. Y en ese tiempo tu pueblo ser\u00e1 librado, <strong>todos los que se encuentren inscritos en el libro<\/strong>.\u00a0<sup>2\u00a0<\/sup>Y muchos de los que duermen en el polvo de la tierra despertar\u00e1n, unos para la vida eterna, y otros para la ignominia, para el desprecio eterno.\u00bb<\/p>\n\n\n\n<p class=\"wp-block-paragraph\"><strong>Daniel 7:10<\/strong> \u00ab-\u00bbUn r\u00edo de fuego corr\u00eda,<br>Saliendo de delante de \u00c9l.<br>Miles de millares le serv\u00edan,<br>Y mir\u00edadas de mir\u00edadas\u00a0estaban en pie delante de \u00c9l.<br>El tribunal se sent\u00f3,<br><strong>Y se abrieron los libros<\/strong>.<\/p>\n<\/blockquote>\n\n\n\n<div style=\"height:41px\" aria-hidden=\"true\" class=\"wp-block-spacer\"><\/div>\n\n\n\n<p class=\"wp-block-paragraph\"><strong>La frase<\/strong> \u00ab<strong>del Cordero que fue inmolado<\/strong>\u00bb &#8211; pareciera indicar que es el Cordero quien posee el libro i que el Cordero es la fuente de vida asociada al libro. Como sea, es solo el Se\u00f1or Jes\u00fas quien tiene toda la autoridad y soberan\u00eda sobre quien tiene vida y qui\u00e9n no, porque \u00c9l es el Autor de la Vida, y la vida misma.<\/p>\n\n\n\n<p class=\"wp-block-paragraph\"><\/p>\n\n\n\n<div style=\"height:77px\" aria-hidden=\"true\" class=\"wp-block-spacer\"><\/div>\n\n\n\n<h2 class=\"wp-block-heading\">REFLEXIONANDO<\/h2>\n\n\n\n<figure class=\"wp-block-image size-large\"><img loading=\"lazy\" decoding=\"async\" width=\"1024\" height=\"683\" src=\"https:\/\/ministeriosdiaadia.cl\/wp-content\/uploads\/2026\/02\/illustration-man-woman-sitting-together-deeply-engaged-reading-books-surrounded-by-cozy-environment-filled-with-shelves-literature-shared-love-reading-as-hobby-3-1024x683.jpg\" alt=\"\" class=\"wp-image-827\" srcset=\"https:\/\/ministeriosdiaadia.cl\/wp-content\/uploads\/2026\/02\/illustration-man-woman-sitting-together-deeply-engaged-reading-books-surrounded-by-cozy-environment-filled-with-shelves-literature-shared-love-reading-as-hobby-3-980x653.jpg 980w, https:\/\/ministeriosdiaadia.cl\/wp-content\/uploads\/2026\/02\/illustration-man-woman-sitting-together-deeply-engaged-reading-books-surrounded-by-cozy-environment-filled-with-shelves-literature-shared-love-reading-as-hobby-3-480x320.jpg 480w\" sizes=\"(min-width: 0px) and (max-width: 480px) 480px, (min-width: 481px) and (max-width: 980px) 980px, (min-width: 981px) 1024px, 100vw\" \/><\/figure>\n\n\n\n<div style=\"height:100px\" aria-hidden=\"true\" class=\"wp-block-spacer\"><\/div>\n\n\n\n<p class=\"wp-block-paragraph\">Es cierto que, muchos creyentes enfrentar\u00e1n problemas y dificultades horrible, persecuci\u00f3n y a\u00fan amenazas de muerte, sin embargo, podemos confiarnos en la seguridad que nos da ese libro de la vida, el libro del Cordero, ya que solo depende de nuestro amado Se\u00f1or y Salvador Jesucristo, quien fue inmolado por nuestros pecados.<\/p>\n\n\n\n<p class=\"wp-block-paragraph\">Desde la perspectiva reformada, la seguridad del cristiano no descansa en la ausencia de tormentas, sino en el <strong>car\u00e1cter inmutable de Aquel que gobierna la tempestad<\/strong>.<\/p>\n\n\n\n<p class=\"wp-block-paragraph\">Esta confianza se sostiene sobre tres pilares fundamentales:<\/p>\n\n\n\n<ul class=\"wp-block-list\">\n<li><strong>La Soberan\u00eda Particular de Dios:<\/strong> Nada en este mundo \u2014ni el mal moral, ni los desastres naturales, ni las pruebas m\u00e1s profundas\u2014 ocurren fuera del decreto de Dios. Como afirma el <em>Catecismo de Heidelberg<\/em>, todas las cosas nos vienen \u00abno por azar, sino de su mano paternal\u00bb. <strong>El mal no es un poder independiente<\/strong>, sino que est\u00e1 bajo el control soberano de Dios, quien tiene el poder de usar incluso lo que el enemigo dise\u00f1\u00f3 para mal, para el bien eterno de Su pueblo (<strong>G\u00e9nesis 50:20<\/strong>).<\/li>\n\n\n\n<li><strong>La Uni\u00f3n con Cristo:<\/strong> Nuestra seguridad es objetiva porque estamos unidos a Cristo. Al ser suyos, Su victoria sobre el pecado, el mundo y la muerte es nuestra. Esta uni\u00f3n garantiza que nada nos puede separar de Su amor; las pruebas no son se\u00f1ales de Su abandono, sino instrumentos de Su gracia para conformarnos a Su imagen.<\/li>\n\n\n\n<li><strong>La Perseverancia de los Santos:<\/strong> No nos sostenemos a nosotros mismos; somos sostenidos por \u00c9l. La seguridad reformada nos dice que Aquel que comenz\u00f3 la buena obra la perfeccionar\u00e1. El mismo Dios que eligi\u00f3 al creyente antes de la fundaci\u00f3n del mundo es el que preserva su fe en medio del fuego.<\/li>\n<\/ul>\n\n\n\n<p class=\"wp-block-paragraph\"><strong>En resumen<\/strong>: El cristiano no mira al mal para medir su seguridad, sino que mira al <strong>Trono<\/strong>. Nuestra paz nace de saber que este mundo roto no es un caos sin sentido, sino el escenario donde Dios est\u00e1 desplegando Su gloria y redenci\u00f3n, asegurando que, en Cristo, el final de nuestra historia ya est\u00e1 escrito y es de victoria absoluta.<\/p>\n\n\n\n<blockquote class=\"wp-block-quote is-layout-flow wp-block-quote-is-layout-flow\">\n<p class=\"wp-block-paragraph\"><em>\u00abSi Dios es por nosotros, \u00bfqui\u00e9n contra nosotros?\u00bb<\/em> (<strong>Romanos 8:31<\/strong>)<\/p>\n<\/blockquote>\n\n\n\n<div style=\"height:100px\" aria-hidden=\"true\" class=\"wp-block-spacer\"><\/div>\n\n\n\n<figure class=\"wp-block-embed is-type-rich is-provider-spotify wp-block-embed-spotify wp-embed-aspect-21-9 wp-has-aspect-ratio\"><div class=\"wp-block-embed__wrapper\">\n<iframe title=\"Spotify Embed: No Habr\u00e1 M\u00e1s Dolor\" style=\"border-radius: 12px\" width=\"100%\" height=\"152\" frameborder=\"0\" allowfullscreen allow=\"autoplay; clipboard-write; encrypted-media; fullscreen; picture-in-picture\" loading=\"lazy\" src=\"https:\/\/open.spotify.com\/embed\/track\/0UcckSLdEQ6dzK72EpDkax?si=fa4ed3c2e06340e3&amp;utm_source=oembed\"><\/iframe>\n<\/div><\/figure>\n","protected":false},"excerpt":{"rendered":"<p>\u00a07\u00a0Se le concedi\u00f3 hacer guerra contra los santos\u00a0y vencerlos. Y se le dio autoridad sobre toda tribu, pueblo, lengua y naci\u00f3n.\u00a08\u00a0Adorar\u00e1n a la bestia todos los que moran en la tierra, cuyos nombres no han sido escritos\u00a0desde la fundaci\u00f3n del mundo\u00a0en el libro de la vida del Cordero que fue inmolado. En este verso 7 [&hellip;]<\/p>\n","protected":false},"author":1,"featured_media":816,"comment_status":"open","ping_status":"open","sticky":false,"template":"","format":"standard","meta":{"_et_pb_use_builder":"off","_et_pb_old_content":"","_et_gb_content_width":"","_monsterinsights_skip_tracking":false,"footnotes":""},"categories":[4,3],"tags":[],"class_list":["post-843","post","type-post","status-publish","format-standard","has-post-thumbnail","hentry","category-apocalipsis","category-dia-a-dia"],"aioseo_notices":[],"aioseo_head":"\n\t\t<!-- All in One SEO 5.0.1.1 - aioseo.com -->\n\t<meta name=\"description\" content=\"7 Se le concedi\u00f3 hacer guerra contra los santos y vencerlos. Y se le dio autoridad sobre toda tribu, pueblo, lengua y naci\u00f3n. 8 Adorar\u00e1n a la bestia todos los que moran en la tierra, cuyos nombres no han sido escritos desde la fundaci\u00f3n del mundo en el libro de la vida del Cordero que fue inmolado.\" \/>\n\t<meta name=\"robots\" content=\"max-image-preview:large\" \/>\n\t<meta name=\"author\" content=\"Pastor Carlos\"\/>\n\t<link rel=\"canonical\" href=\"https:\/\/ministeriosdiaadia.cl\/index.php\/2026\/03\/03\/apocalipsis-137-8\/\" \/>\n\t<meta name=\"generator\" content=\"All in One SEO (AIOSEO) 5.0.1.1\" \/>\n\t\t<meta property=\"og:locale\" content=\"es_ES\" \/>\n\t\t<meta property=\"og:site_name\" content=\"MINISTERIOS DIA A DIA - Un ministerio de acompa\u00f1amiento espiritual\" \/>\n\t\t<meta property=\"og:type\" content=\"article\" \/>\n\t\t<meta property=\"og:title\" content=\"APOCALIPSIS 13:7-8 - MINISTERIOS DIA A DIA\" \/>\n\t\t<meta property=\"og:description\" content=\"7 Se le concedi\u00f3 hacer guerra contra los santos y vencerlos. Y se le dio autoridad sobre toda tribu, pueblo, lengua y naci\u00f3n. 8 Adorar\u00e1n a la bestia todos los que moran en la tierra, cuyos nombres no han sido escritos desde la fundaci\u00f3n del mundo en el libro de la vida del Cordero que fue inmolado.\" \/>\n\t\t<meta property=\"og:url\" content=\"https:\/\/ministeriosdiaadia.cl\/index.php\/2026\/03\/03\/apocalipsis-137-8\/\" \/>\n\t\t<meta property=\"article:published_time\" content=\"2026-03-03T13:58:45+00:00\" \/>\n\t\t<meta property=\"article:modified_time\" content=\"2026-03-03T15:41:09+00:00\" \/>\n\t\t<meta name=\"twitter:card\" content=\"summary_large_image\" \/>\n\t\t<meta name=\"twitter:title\" content=\"APOCALIPSIS 13:7-8 - MINISTERIOS DIA A DIA\" \/>\n\t\t<meta name=\"twitter:description\" content=\"7 Se le concedi\u00f3 hacer guerra contra los santos y vencerlos. Y se le dio autoridad sobre toda tribu, pueblo, lengua y naci\u00f3n. 8 Adorar\u00e1n a la bestia todos los que moran en la tierra, cuyos nombres no han sido escritos desde la fundaci\u00f3n del mundo en el libro de la vida del Cordero que fue inmolado.\" \/>\n\t\t<script type=\"application\/ld+json\" class=\"aioseo-schema\">\n\t\t\t{\"@context\":\"https:\\\/\\\/schema.org\",\"@graph\":[{\"@type\":\"BlogPosting\",\"@id\":\"https:\\\/\\\/ministeriosdiaadia.cl\\\/index.php\\\/2026\\\/03\\\/03\\\/apocalipsis-137-8\\\/#blogposting\",\"name\":\"APOCALIPSIS 13:7-8 - MINISTERIOS DIA A DIA\",\"headline\":\"APOCALIPSIS 13:7-8\",\"author\":{\"@id\":\"https:\\\/\\\/ministeriosdiaadia.cl\\\/index.php\\\/author\\\/admin_85kkxhyd\\\/#author\"},\"publisher\":{\"@id\":\"https:\\\/\\\/ministeriosdiaadia.cl\\\/#organization\"},\"image\":{\"@type\":\"ImageObject\",\"url\":\"https:\\\/\\\/ministeriosdiaadia.cl\\\/wp-content\\\/uploads\\\/2026\\\/02\\\/IMAGEN-DESTACADA-13-4.jpg\",\"width\":1200,\"height\":628},\"datePublished\":\"2026-03-03T10:58:45-03:00\",\"dateModified\":\"2026-03-03T12:41:09-03:00\",\"inLanguage\":\"es-ES\",\"mainEntityOfPage\":{\"@id\":\"https:\\\/\\\/ministeriosdiaadia.cl\\\/index.php\\\/2026\\\/03\\\/03\\\/apocalipsis-137-8\\\/#webpage\"},\"isPartOf\":{\"@id\":\"https:\\\/\\\/ministeriosdiaadia.cl\\\/index.php\\\/2026\\\/03\\\/03\\\/apocalipsis-137-8\\\/#webpage\"},\"articleSection\":\"APOCALIPSIS, D\\u00cdA A D\\u00cdA\"},{\"@type\":\"BreadcrumbList\",\"@id\":\"https:\\\/\\\/ministeriosdiaadia.cl\\\/index.php\\\/2026\\\/03\\\/03\\\/apocalipsis-137-8\\\/#breadcrumblist\",\"itemListElement\":[{\"@type\":\"ListItem\",\"@id\":\"https:\\\/\\\/ministeriosdiaadia.cl#listItem\",\"position\":1,\"name\":\"Home\",\"item\":\"https:\\\/\\\/ministeriosdiaadia.cl\",\"nextItem\":{\"@type\":\"ListItem\",\"@id\":\"https:\\\/\\\/ministeriosdiaadia.cl\\\/index.php\\\/category\\\/dia-a-dia\\\/#listItem\",\"name\":\"D\\u00cdA A D\\u00cdA\"}},{\"@type\":\"ListItem\",\"@id\":\"https:\\\/\\\/ministeriosdiaadia.cl\\\/index.php\\\/category\\\/dia-a-dia\\\/#listItem\",\"position\":2,\"name\":\"D\\u00cdA A D\\u00cdA\",\"item\":\"https:\\\/\\\/ministeriosdiaadia.cl\\\/index.php\\\/category\\\/dia-a-dia\\\/\",\"nextItem\":{\"@type\":\"ListItem\",\"@id\":\"https:\\\/\\\/ministeriosdiaadia.cl\\\/index.php\\\/category\\\/dia-a-dia\\\/apocalipsis\\\/#listItem\",\"name\":\"APOCALIPSIS\"},\"previousItem\":{\"@type\":\"ListItem\",\"@id\":\"https:\\\/\\\/ministeriosdiaadia.cl#listItem\",\"name\":\"Home\"}},{\"@type\":\"ListItem\",\"@id\":\"https:\\\/\\\/ministeriosdiaadia.cl\\\/index.php\\\/category\\\/dia-a-dia\\\/apocalipsis\\\/#listItem\",\"position\":3,\"name\":\"APOCALIPSIS\",\"item\":\"https:\\\/\\\/ministeriosdiaadia.cl\\\/index.php\\\/category\\\/dia-a-dia\\\/apocalipsis\\\/\",\"nextItem\":{\"@type\":\"ListItem\",\"@id\":\"https:\\\/\\\/ministeriosdiaadia.cl\\\/index.php\\\/2026\\\/03\\\/03\\\/apocalipsis-137-8\\\/#listItem\",\"name\":\"APOCALIPSIS 13:7-8\"},\"previousItem\":{\"@type\":\"ListItem\",\"@id\":\"https:\\\/\\\/ministeriosdiaadia.cl\\\/index.php\\\/category\\\/dia-a-dia\\\/#listItem\",\"name\":\"D\\u00cdA A D\\u00cdA\"}},{\"@type\":\"ListItem\",\"@id\":\"https:\\\/\\\/ministeriosdiaadia.cl\\\/index.php\\\/2026\\\/03\\\/03\\\/apocalipsis-137-8\\\/#listItem\",\"position\":4,\"name\":\"APOCALIPSIS 13:7-8\",\"previousItem\":{\"@type\":\"ListItem\",\"@id\":\"https:\\\/\\\/ministeriosdiaadia.cl\\\/index.php\\\/category\\\/dia-a-dia\\\/apocalipsis\\\/#listItem\",\"name\":\"APOCALIPSIS\"}}]},{\"@type\":\"Organization\",\"@id\":\"https:\\\/\\\/ministeriosdiaadia.cl\\\/#organization\",\"name\":\"MINISTERIOS DIA A DIA\",\"description\":\"Un ministerio de acompa\\u00f1amiento espiritual\",\"url\":\"https:\\\/\\\/ministeriosdiaadia.cl\\\/\"},{\"@type\":\"Person\",\"@id\":\"https:\\\/\\\/ministeriosdiaadia.cl\\\/index.php\\\/author\\\/admin_85kkxhyd\\\/#author\",\"url\":\"https:\\\/\\\/ministeriosdiaadia.cl\\\/index.php\\\/author\\\/admin_85kkxhyd\\\/\",\"name\":\"Pastor Carlos\",\"image\":{\"@type\":\"ImageObject\",\"@id\":\"https:\\\/\\\/ministeriosdiaadia.cl\\\/index.php\\\/2026\\\/03\\\/03\\\/apocalipsis-137-8\\\/#authorImage\",\"url\":\"https:\\\/\\\/secure.gravatar.com\\\/avatar\\\/26b5f8890c89288a41e21f7e879ead6e0151f5ffae28bf22debe6e84cf0942f4?s=96&d=mm&r=g\",\"width\":96,\"height\":96,\"caption\":\"Pastor Carlos\"}},{\"@type\":\"WebPage\",\"@id\":\"https:\\\/\\\/ministeriosdiaadia.cl\\\/index.php\\\/2026\\\/03\\\/03\\\/apocalipsis-137-8\\\/#webpage\",\"url\":\"https:\\\/\\\/ministeriosdiaadia.cl\\\/index.php\\\/2026\\\/03\\\/03\\\/apocalipsis-137-8\\\/\",\"name\":\"APOCALIPSIS 13:7-8 - MINISTERIOS DIA A DIA\",\"description\":\"7 Se le concedi\\u00f3 hacer guerra contra los santos y vencerlos. Y se le dio autoridad sobre toda tribu, pueblo, lengua y naci\\u00f3n. 8 Adorar\\u00e1n a la bestia todos los que moran en la tierra, cuyos nombres no han sido escritos desde la fundaci\\u00f3n del mundo en el libro de la vida del Cordero que fue inmolado.\",\"inLanguage\":\"es-ES\",\"isPartOf\":{\"@id\":\"https:\\\/\\\/ministeriosdiaadia.cl\\\/#website\"},\"breadcrumb\":{\"@id\":\"https:\\\/\\\/ministeriosdiaadia.cl\\\/index.php\\\/2026\\\/03\\\/03\\\/apocalipsis-137-8\\\/#breadcrumblist\"},\"author\":{\"@id\":\"https:\\\/\\\/ministeriosdiaadia.cl\\\/index.php\\\/author\\\/admin_85kkxhyd\\\/#author\"},\"creator\":{\"@id\":\"https:\\\/\\\/ministeriosdiaadia.cl\\\/index.php\\\/author\\\/admin_85kkxhyd\\\/#author\"},\"image\":{\"@type\":\"ImageObject\",\"url\":\"https:\\\/\\\/ministeriosdiaadia.cl\\\/wp-content\\\/uploads\\\/2026\\\/02\\\/IMAGEN-DESTACADA-13-4.jpg\",\"@id\":\"https:\\\/\\\/ministeriosdiaadia.cl\\\/index.php\\\/2026\\\/03\\\/03\\\/apocalipsis-137-8\\\/#mainImage\",\"width\":1200,\"height\":628},\"primaryImageOfPage\":{\"@id\":\"https:\\\/\\\/ministeriosdiaadia.cl\\\/index.php\\\/2026\\\/03\\\/03\\\/apocalipsis-137-8\\\/#mainImage\"},\"datePublished\":\"2026-03-03T10:58:45-03:00\",\"dateModified\":\"2026-03-03T12:41:09-03:00\"},{\"@type\":\"WebSite\",\"@id\":\"https:\\\/\\\/ministeriosdiaadia.cl\\\/#website\",\"url\":\"https:\\\/\\\/ministeriosdiaadia.cl\\\/\",\"name\":\"MINISTERIOS DIA A DIA\",\"description\":\"Un ministerio de acompa\\u00f1amiento espiritual\",\"inLanguage\":\"es-ES\",\"publisher\":{\"@id\":\"https:\\\/\\\/ministeriosdiaadia.cl\\\/#organization\"}}]}\n\t\t<\/script>\n\t\t<!-- All in One SEO -->\n\n","aioseo_head_json":{"title":"APOCALIPSIS 13:7-8 - MINISTERIOS DIA A DIA","description":"7 Se le concedi\u00f3 hacer guerra contra los santos y vencerlos. Y se le dio autoridad sobre toda tribu, pueblo, lengua y naci\u00f3n. 8 Adorar\u00e1n a la bestia todos los que moran en la tierra, cuyos nombres no han sido escritos desde la fundaci\u00f3n del mundo en el libro de la vida del Cordero que fue inmolado.","canonical_url":"https:\/\/ministeriosdiaadia.cl\/index.php\/2026\/03\/03\/apocalipsis-137-8\/","robots":"max-image-preview:large","keywords":"","webmasterTools":{"miscellaneous":""},"schema":{"@context":"https:\/\/schema.org","@graph":[{"@type":"BlogPosting","@id":"https:\/\/ministeriosdiaadia.cl\/index.php\/2026\/03\/03\/apocalipsis-137-8\/#blogposting","name":"APOCALIPSIS 13:7-8 - MINISTERIOS DIA A DIA","headline":"APOCALIPSIS 13:7-8","author":{"@id":"https:\/\/ministeriosdiaadia.cl\/index.php\/author\/admin_85kkxhyd\/#author"},"publisher":{"@id":"https:\/\/ministeriosdiaadia.cl\/#organization"},"image":{"@type":"ImageObject","url":"https:\/\/ministeriosdiaadia.cl\/wp-content\/uploads\/2026\/02\/IMAGEN-DESTACADA-13-4.jpg","width":1200,"height":628},"datePublished":"2026-03-03T10:58:45-03:00","dateModified":"2026-03-03T12:41:09-03:00","inLanguage":"es-ES","mainEntityOfPage":{"@id":"https:\/\/ministeriosdiaadia.cl\/index.php\/2026\/03\/03\/apocalipsis-137-8\/#webpage"},"isPartOf":{"@id":"https:\/\/ministeriosdiaadia.cl\/index.php\/2026\/03\/03\/apocalipsis-137-8\/#webpage"},"articleSection":"APOCALIPSIS, D\u00cdA A D\u00cdA"},{"@type":"BreadcrumbList","@id":"https:\/\/ministeriosdiaadia.cl\/index.php\/2026\/03\/03\/apocalipsis-137-8\/#breadcrumblist","itemListElement":[{"@type":"ListItem","@id":"https:\/\/ministeriosdiaadia.cl#listItem","position":1,"name":"Home","item":"https:\/\/ministeriosdiaadia.cl","nextItem":{"@type":"ListItem","@id":"https:\/\/ministeriosdiaadia.cl\/index.php\/category\/dia-a-dia\/#listItem","name":"D\u00cdA A D\u00cdA"}},{"@type":"ListItem","@id":"https:\/\/ministeriosdiaadia.cl\/index.php\/category\/dia-a-dia\/#listItem","position":2,"name":"D\u00cdA A D\u00cdA","item":"https:\/\/ministeriosdiaadia.cl\/index.php\/category\/dia-a-dia\/","nextItem":{"@type":"ListItem","@id":"https:\/\/ministeriosdiaadia.cl\/index.php\/category\/dia-a-dia\/apocalipsis\/#listItem","name":"APOCALIPSIS"},"previousItem":{"@type":"ListItem","@id":"https:\/\/ministeriosdiaadia.cl#listItem","name":"Home"}},{"@type":"ListItem","@id":"https:\/\/ministeriosdiaadia.cl\/index.php\/category\/dia-a-dia\/apocalipsis\/#listItem","position":3,"name":"APOCALIPSIS","item":"https:\/\/ministeriosdiaadia.cl\/index.php\/category\/dia-a-dia\/apocalipsis\/","nextItem":{"@type":"ListItem","@id":"https:\/\/ministeriosdiaadia.cl\/index.php\/2026\/03\/03\/apocalipsis-137-8\/#listItem","name":"APOCALIPSIS 13:7-8"},"previousItem":{"@type":"ListItem","@id":"https:\/\/ministeriosdiaadia.cl\/index.php\/category\/dia-a-dia\/#listItem","name":"D\u00cdA A D\u00cdA"}},{"@type":"ListItem","@id":"https:\/\/ministeriosdiaadia.cl\/index.php\/2026\/03\/03\/apocalipsis-137-8\/#listItem","position":4,"name":"APOCALIPSIS 13:7-8","previousItem":{"@type":"ListItem","@id":"https:\/\/ministeriosdiaadia.cl\/index.php\/category\/dia-a-dia\/apocalipsis\/#listItem","name":"APOCALIPSIS"}}]},{"@type":"Organization","@id":"https:\/\/ministeriosdiaadia.cl\/#organization","name":"MINISTERIOS DIA A DIA","description":"Un ministerio de acompa\u00f1amiento espiritual","url":"https:\/\/ministeriosdiaadia.cl\/"},{"@type":"Person","@id":"https:\/\/ministeriosdiaadia.cl\/index.php\/author\/admin_85kkxhyd\/#author","url":"https:\/\/ministeriosdiaadia.cl\/index.php\/author\/admin_85kkxhyd\/","name":"Pastor Carlos","image":{"@type":"ImageObject","@id":"https:\/\/ministeriosdiaadia.cl\/index.php\/2026\/03\/03\/apocalipsis-137-8\/#authorImage","url":"https:\/\/secure.gravatar.com\/avatar\/26b5f8890c89288a41e21f7e879ead6e0151f5ffae28bf22debe6e84cf0942f4?s=96&d=mm&r=g","width":96,"height":96,"caption":"Pastor Carlos"}},{"@type":"WebPage","@id":"https:\/\/ministeriosdiaadia.cl\/index.php\/2026\/03\/03\/apocalipsis-137-8\/#webpage","url":"https:\/\/ministeriosdiaadia.cl\/index.php\/2026\/03\/03\/apocalipsis-137-8\/","name":"APOCALIPSIS 13:7-8 - MINISTERIOS DIA A DIA","description":"7 Se le concedi\u00f3 hacer guerra contra los santos y vencerlos. Y se le dio autoridad sobre toda tribu, pueblo, lengua y naci\u00f3n. 8 Adorar\u00e1n a la bestia todos los que moran en la tierra, cuyos nombres no han sido escritos desde la fundaci\u00f3n del mundo en el libro de la vida del Cordero que fue inmolado.","inLanguage":"es-ES","isPartOf":{"@id":"https:\/\/ministeriosdiaadia.cl\/#website"},"breadcrumb":{"@id":"https:\/\/ministeriosdiaadia.cl\/index.php\/2026\/03\/03\/apocalipsis-137-8\/#breadcrumblist"},"author":{"@id":"https:\/\/ministeriosdiaadia.cl\/index.php\/author\/admin_85kkxhyd\/#author"},"creator":{"@id":"https:\/\/ministeriosdiaadia.cl\/index.php\/author\/admin_85kkxhyd\/#author"},"image":{"@type":"ImageObject","url":"https:\/\/ministeriosdiaadia.cl\/wp-content\/uploads\/2026\/02\/IMAGEN-DESTACADA-13-4.jpg","@id":"https:\/\/ministeriosdiaadia.cl\/index.php\/2026\/03\/03\/apocalipsis-137-8\/#mainImage","width":1200,"height":628},"primaryImageOfPage":{"@id":"https:\/\/ministeriosdiaadia.cl\/index.php\/2026\/03\/03\/apocalipsis-137-8\/#mainImage"},"datePublished":"2026-03-03T10:58:45-03:00","dateModified":"2026-03-03T12:41:09-03:00"},{"@type":"WebSite","@id":"https:\/\/ministeriosdiaadia.cl\/#website","url":"https:\/\/ministeriosdiaadia.cl\/","name":"MINISTERIOS DIA A DIA","description":"Un ministerio de acompa\u00f1amiento espiritual","inLanguage":"es-ES","publisher":{"@id":"https:\/\/ministeriosdiaadia.cl\/#organization"}}]},"og:locale":"es_ES","og:site_name":"MINISTERIOS DIA A DIA - Un ministerio de acompa\u00f1amiento espiritual","og:type":"article","og:title":"APOCALIPSIS 13:7-8 - MINISTERIOS DIA A DIA","og:description":"7 Se le concedi\u00f3 hacer guerra contra los santos y vencerlos. Y se le dio autoridad sobre toda tribu, pueblo, lengua y naci\u00f3n. 8 Adorar\u00e1n a la bestia todos los que moran en la tierra, cuyos nombres no han sido escritos desde la fundaci\u00f3n del mundo en el libro de la vida del Cordero que fue inmolado.","og:url":"https:\/\/ministeriosdiaadia.cl\/index.php\/2026\/03\/03\/apocalipsis-137-8\/","article:published_time":"2026-03-03T13:58:45+00:00","article:modified_time":"2026-03-03T15:41:09+00:00","twitter:card":"summary_large_image","twitter:title":"APOCALIPSIS 13:7-8 - MINISTERIOS DIA A DIA","twitter:description":"7 Se le concedi\u00f3 hacer guerra contra los santos y vencerlos. Y se le dio autoridad sobre toda tribu, pueblo, lengua y naci\u00f3n. 8 Adorar\u00e1n a la bestia todos los que moran en la tierra, cuyos nombres no han sido escritos desde la fundaci\u00f3n del mundo en el libro de la vida del Cordero que fue inmolado."},"aioseo_meta_data":{"post_id":"843","title":null,"description":null,"keywords":null,"keyphrases":null,"focus_keyword":null,"additional_keywords":null,"truseo_locale":null,"primary_term":null,"canonical_url":null,"og_title":null,"og_description":null,"og_object_type":"default","og_image_type":"default","og_image_custom_url":null,"og_image_custom_fields":null,"og_image_url":null,"og_image_width":null,"og_image_height":null,"og_video":null,"og_custom_url":null,"og_article_section":null,"og_article_tags":null,"twitter_use_og":false,"twitter_card":"default","twitter_image_type":"default","twitter_image_custom_url":null,"twitter_image_custom_fields":null,"twitter_image_url":null,"twitter_title":null,"twitter_description":null,"schema_type":"default","schema_type_options":null,"schema":{"blockGraphs":[],"customGraphs":[],"default":{"data":{"Article":[],"Course":[],"Dataset":[],"FAQPage":[],"Movie":[],"Person":[],"Product":[],"ProductReview":[],"Car":[],"Recipe":[],"Service":[],"SoftwareApplication":[],"WebPage":[]},"graphName":"","isEnabled":true},"graphs":[]},"pillar_content":false,"robots_default":true,"robots_noindex":false,"robots_noarchive":false,"robots_nosnippet":false,"robots_nofollow":false,"robots_noimageindex":false,"robots_noodp":false,"robots_notranslate":false,"robots_max_snippet":null,"robots_max_videopreview":null,"robots_max_imagepreview":"large","priority":null,"frequency":null,"local_seo":null,"limit_modified_date":false,"ai":null,"breadcrumb_settings":null,"seo_analyzer_scan_date":null,"created":"2026-08-20 03:58:05","updated":"2026-08-20 03:58:05"},"aioseo_breadcrumb":"<div class=\"aioseo-breadcrumbs\"><span class=\"aioseo-breadcrumb\">\n\t\t\t<a href=\"https:\/\/ministeriosdiaadia.cl\" title=\"Home\">Home<\/a>\n\t\t<\/span><span class=\"aioseo-breadcrumb-separator\">&raquo;<\/span><span class=\"aioseo-breadcrumb\">\n\t\t\t<a href=\"https:\/\/ministeriosdiaadia.cl\/index.php\/category\/dia-a-dia\/\" title=\"D\u00cdA A D\u00cdA\">D\u00cdA A D\u00cdA<\/a>\n\t\t<\/span><span class=\"aioseo-breadcrumb-separator\">&raquo;<\/span><span class=\"aioseo-breadcrumb\">\n\t\t\t<a href=\"https:\/\/ministeriosdiaadia.cl\/index.php\/category\/dia-a-dia\/apocalipsis\/\" title=\"APOCALIPSIS\">APOCALIPSIS<\/a>\n\t\t<\/span><span class=\"aioseo-breadcrumb-separator\">&raquo;<\/span><span class=\"aioseo-breadcrumb\">\n\t\t\tAPOCALIPSIS 13:7-8\n\t\t<\/span><\/div>","aioseo_breadcrumb_json":[{"label":"Home","link":"https:\/\/ministeriosdiaadia.cl"},{"label":"D\u00cdA A D\u00cdA","link":"https:\/\/ministeriosdiaadia.cl\/index.php\/category\/dia-a-dia\/"},{"label":"APOCALIPSIS","link":"https:\/\/ministeriosdiaadia.cl\/index.php\/category\/dia-a-dia\/apocalipsis\/"},{"label":"APOCALIPSIS 13:7-8","link":"https:\/\/ministeriosdiaadia.cl\/index.php\/2026\/03\/03\/apocalipsis-137-8\/"}],"_links":{"self":[{"href":"https:\/\/ministeriosdiaadia.cl\/index.php\/wp-json\/wp\/v2\/posts\/843","targetHints":{"allow":["GET"]}}],"collection":[{"href":"https:\/\/ministeriosdiaadia.cl\/index.php\/wp-json\/wp\/v2\/posts"}],"about":[{"href":"https:\/\/ministeriosdiaadia.cl\/index.php\/wp-json\/wp\/v2\/types\/post"}],"author":[{"embeddable":true,"href":"https:\/\/ministeriosdiaadia.cl\/index.php\/wp-json\/wp\/v2\/users\/1"}],"replies":[{"embeddable":true,"href":"https:\/\/ministeriosdiaadia.cl\/index.php\/wp-json\/wp\/v2\/comments?post=843"}],"version-history":[{"count":4,"href":"https:\/\/ministeriosdiaadia.cl\/index.php\/wp-json\/wp\/v2\/posts\/843\/revisions"}],"predecessor-version":[{"id":849,"href":"https:\/\/ministeriosdiaadia.cl\/index.php\/wp-json\/wp\/v2\/posts\/843\/revisions\/849"}],"wp:featuredmedia":[{"embeddable":true,"href":"https:\/\/ministeriosdiaadia.cl\/index.php\/wp-json\/wp\/v2\/media\/816"}],"wp:attachment":[{"href":"https:\/\/ministeriosdiaadia.cl\/index.php\/wp-json\/wp\/v2\/media?parent=843"}],"wp:term":[{"taxonomy":"category","embeddable":true,"href":"https:\/\/ministeriosdiaadia.cl\/index.php\/wp-json\/wp\/v2\/categories?post=843"},{"taxonomy":"post_tag","embeddable":true,"href":"https:\/\/ministeriosdiaadia.cl\/index.php\/wp-json\/wp\/v2\/tags?post=843"}],"curies":[{"name":"wp","href":"https:\/\/api.w.org\/{rel}","templated":true}]}}