{"id":815,"date":"2026-02-17T12:13:28","date_gmt":"2026-02-17T15:13:28","guid":{"rendered":"https:\/\/ministeriosdiaadia.cl\/?p=815"},"modified":"2026-02-18T12:12:21","modified_gmt":"2026-02-18T15:12:21","slug":"apocalipsis-134","status":"publish","type":"post","link":"https:\/\/ministeriosdiaadia.cl\/index.php\/2026\/02\/17\/apocalipsis-134\/","title":{"rendered":"APOCALIPSIS 13:4-6"},"content":{"rendered":"\n<blockquote class=\"wp-block-quote is-layout-flow wp-block-quote-is-layout-flow\">\n<p class=\"wp-block-paragraph\"><em><strong>Adoraron al drag\u00f3n, porque hab\u00eda dado autoridad\u00a0a la bestia. Adoraron a la bestia, diciendo: \u00ab\u00bfQui\u00e9n es semejante a la bestia, y qui\u00e9n puede luchar contra ella?<\/strong><\/em>\u00bb <sup>5\u00a0<\/sup>A la bestia se le dio una boca que hablaba palabras arrogantes\u00a0y blasfemias, y <strong>se le dio autoridad para actuar\u00a0durante cuarenta y dos meses<\/strong>.\u00a0<sup>6\u00a0<\/sup>Y abri\u00f3 su boca con blasfemias contra Dios, para blasfemar Su nombre y Su tabern\u00e1culo,\u00a0<em>es decir, contra<\/em>\u00a0los que moran en el cielo.<\/p>\n<\/blockquote>\n\n\n\n<div style=\"height:33px\" aria-hidden=\"true\" class=\"wp-block-spacer\"><\/div>\n\n\n\n<p class=\"wp-block-paragraph\">Las multitudes mencionadas <strong>en el verso 3<\/strong> ahora est\u00e1n alucinadas adorando al drag\u00f3n y a la bestia. Como hemos estado estudiando, gran parte de estas visiones tienen como base el AT, espec\u00edficamente el libro de Daniel, y esta transferencia de autoridad del drag\u00f3n a la bestia lo podemos ver tambi\u00e9n en <strong>Daniel 7:6<\/strong>, donde se da autoridad a la tercera bestia para gobernar la tierra y perseguir. <\/p>\n\n\n\n<blockquote class=\"wp-block-quote is-layout-flow wp-block-quote-is-layout-flow\">\n<p class=\"wp-block-paragraph\">\u00bbDespu\u00e9s de esto segu\u00ed mirando, y otra m\u00e1s, semejante a un leopardo que ten\u00eda sobre su lomo&nbsp;cuatro alas de ave. La bestia ten\u00eda cuatro cabezas, <strong>y le fue dado dominio<\/strong>. &#8211;<strong>Daniel 7:6<\/strong><\/p>\n<\/blockquote>\n\n\n\n<p class=\"wp-block-paragraph\">Estas multitudes imp\u00edas han quedado maravilladas, fascinadas por los actos del drag\u00f3n a trav\u00e9s de la bestia, y exclaman: \u00ab\u00bfQui\u00e9n es semejante a la bestia, y qui\u00e9n puede luchar contra ella?\u00bb &#8211; Estas exclamaciones son una burla, una iron\u00eda de palabras similares usadas en el Antiguo Testamento hacia Dios &#8211; Lee <strong>\u00c9x. 8:10; 15:11; Sal. 35:10; 71:19<\/strong>. En todos estos textos del AT, lo incomparable de Yavh\u00e9 se contrasta pol\u00e9micamente con los falsos dioses e \u00eddolos.<\/p>\n\n\n\n<h3 class=\"wp-block-heading\">LA BOCA BLASFEMA DE LA BESTIA<\/h3>\n\n\n\n<p class=\"wp-block-paragraph\">El prop\u00f3sito de todas estas alusiones a la profec\u00eda de Daniel es mostrar que con la muerte y resurrecci\u00f3n de Cristo hab\u00eda comenzado la opresi\u00f3n de Israel (del verdadero Israel, la Iglesia) a manos de la serpiente antigua, de este enemigo de Cristo y de su iglesia y que permanece a\u00fan en nuestros tiempos hasta el regreso y la consumaci\u00f3n del reino de Dios.<\/p>\n\n\n\n<p class=\"wp-block-paragraph\">Este aire de grandeza de la bestia hablando contra Dios es una muestra de su \u00absupuesta autoridad\u00bb durante estos tres a\u00f1os y medio, o cuarenta y dos meses (el periodo de la iglesia hasta el regreso de Cristo) &#8211; lo que es una alusi\u00f3n directa a <strong>Daniel 7:, 8, 11, 20 y 25<\/strong>:<\/p>\n\n\n\n<div style=\"height:31px\" aria-hidden=\"true\" class=\"wp-block-spacer\"><\/div>\n\n\n\n<blockquote class=\"wp-block-quote is-layout-flow wp-block-quote-is-layout-flow\">\n<p class=\"wp-block-paragraph\"><em><sup>6\u00a0<\/sup>\u00bbDespu\u00e9s de esto segu\u00ed mirando, y otra m\u00e1s, semejante a un leopardo que ten\u00eda sobre su lomo\u00a0cuatro alas de ave. La bestia ten\u00eda cuatro cabezas, y le fue dado dominio.<\/em><\/p>\n\n\n\n<p class=\"wp-block-paragraph\"><em><sup>8\u00a0<\/sup>Mientras yo contemplaba los cuernos, vi que otro cuerno, uno peque\u00f1o, surgi\u00f3 entre ellos, y tres de los primeros cuernos fueron arrancados delante de \u00e9l. Y este cuerno ten\u00eda ojos\u00a0como los ojos de un hombre y una boca que hablaba con mucha arrogancia.<\/em><\/p>\n\n\n\n<p class=\"wp-block-paragraph\"><em><sup>11\u00a0<\/sup>\u00bbEntonces yo segu\u00ed mirando a causa del ruido de las palabras arrogantes\u00a0que el cuerno dec\u00eda. Segu\u00ed mirando hasta que mataron a la bestia, destrozaron su cuerpo y\u00a0lo\u00a0echaron a las llamas del fuego.<\/em><\/p>\n\n\n\n<p class=\"wp-block-paragraph\"><em><sup>20\u00a0<\/sup>y\u00a0la verdad\u00a0acerca de los diez cuernos que\u00a0ten\u00eda\u00a0en su cabeza, y del otro\u00a0cuerno\u00a0que hab\u00eda surgido, delante del cual cayeron tres de ellos, es decir, el cuerno que ten\u00eda ojos y una boca que hablaba con mucha arrogancia, y cuya apariencia era mayor que la de sus compa\u00f1eros.<\/em><\/p>\n\n\n\n<p class=\"wp-block-paragraph\"><em><sup>25\u00a0<\/sup>\u00c9l proferir\u00e1 palabras contra el Alt\u00edsimo\u00a0y afligir\u00e1 a los santos del Alt\u00edsimo, e intentar\u00e1 cambiar los tiempos y la ley. Y le ser\u00e1n entregados en sus manos por tres a\u00f1os y medio.<\/em><\/p>\n<\/blockquote>\n\n\n\n<ul class=\"wp-block-list\">\n<li><strong>Una boca blasfema<\/strong>: A la bestia de Daniel se le da una boca que hablaba palabras arrogantes y blasfemias &#8211;<strong>vv.6, 8 y 11<\/strong><\/li>\n\n\n\n<li><strong>Una cl\u00e1usula de autorizaci\u00f3n<\/strong>: Se le dio dos veces en <strong>Ap. 13:5<\/strong>, y de nuevo en <strong>13:7<\/strong>, y la frase similar la vemos en <strong>Daniel 7:25<\/strong>.<\/li>\n\n\n\n<li><strong>Un periodo de tiempo decretado<\/strong> durante los d\u00edas finales (cuarenta y dos meses), como en <strong>Daniel 7:25<\/strong>.<\/li>\n<\/ul>\n\n\n\n<p class=\"has-medium-font-size wp-block-paragraph\"><strong>DIOS GOBIERNA<\/strong><\/p>\n\n\n\n<p class=\"wp-block-paragraph\">Si hay algo que nos queda claro leyendo el <strong>verso 5<\/strong>, es que la fuente de autoridad de la bestia es Dios mismo. Es Dios quien ha establecido un l\u00edmite de tiempo (cuarenta y dos meses), y adem\u00e1s, es Dios quien ha predestinado el n\u00famero exacto de los que adoran a la bestia en el <strong>verso 8<\/strong>.<\/p>\n\n\n\n<p class=\"wp-block-paragraph\"><strong>\u00bfNo es grandioso esto mis hermanos?<\/strong> No es el diablo quien gobierna, ni quien establece los tiempos y las estaciones, es nuestro gran y soberano Dios. Esto lo sabemos porque si dependiera de Satan\u00e1s nunca terminar\u00eda de causar da\u00f1o y oponerse a Dios.<\/p>\n\n\n\n<p class=\"wp-block-paragraph\"><\/p>\n\n\n\n<p class=\"has-medium-font-size wp-block-paragraph\"><strong>\u00bfQU\u00c9 SIGNIFICA ESTE ACTO DE LA BESTIA?<\/strong><\/p>\n\n\n\n<p class=\"wp-block-paragraph\">En primer lugar, <strong>destaca su orgullo<\/strong> al querer exaltarse por encima de Dios &#8211; <strong>Ap. 13:3-4; Dn. 7:245; 8-11; 11:36<\/strong><\/p>\n\n\n\n<p class=\"wp-block-paragraph\">En segundo lugar, <strong>intenta convencer<\/strong> a todos con sus poderes enga\u00f1osos, sugiriendo que es mas poderoso y grande que Dios, y<\/p>\n\n\n\n<p class=\"wp-block-paragraph\">En tercer lugar, vemos <strong>su gran blasfemia<\/strong> al difamar el nombre de Dios.<\/p>\n\n\n\n<p class=\"wp-block-paragraph\"><\/p>\n\n\n\n<blockquote class=\"wp-block-quote is-layout-flow wp-block-quote-is-layout-flow\">\n<p class=\"wp-block-paragraph\"><strong><sup>6\u00a0<\/sup>Y abri\u00f3 su boca con blasfemias contra Dios, para blasfemar Su nombre y Su tabern\u00e1culo,\u00a0<em>es decir, contra<\/em>\u00a0los que moran en el cielo.<\/strong><\/p>\n<\/blockquote>\n\n\n\n<p class=\"wp-block-paragraph\">En este texto nuevamente se hace alusi\u00f3n a <strong>Daniel 7:25<\/strong> para describir el efecto de la autorizaci\u00f3n de la bestia. As\u00ed que, ambos textos hablan de un demonio escatol\u00f3gico que habla contra Dios: \u00abY abri\u00f3 su boca con blasfemias contra Dios, para blasfemar Su nombre y Su tabern\u00e1culo,\u00a0<em>es decir, contra<\/em>\u00a0los que moran en el cielo.\u00bb Esta bestia se hace igual a Dios y persigue a los santos, lo que tambi\u00e9n ocurre en <strong>Daniel 8:10, 25; y 11:36<\/strong> al hablar del tiempo de \u00abindignaci\u00f3n\u00bb:<\/p>\n\n\n\n<blockquote class=\"wp-block-quote is-layout-flow wp-block-quote-is-layout-flow\">\n<p class=\"wp-block-paragraph\"><strong>Dan. 8: 10<\/strong> &#8211; <em>\u00ab<sup>10\u00a0<\/sup>Creci\u00f3 hasta el ej\u00e9rcito del cielo, e hizo caer a la tierra\u00a0parte\u00a0del ej\u00e9rcito y de las estrellas, y las pisote\u00f3.\u00bb<\/em><\/p>\n\n\n\n<p class=\"wp-block-paragraph\"><strong>Dan. 8:25<\/strong> &#8211; <em>\u00ab-\u00bbY por su astucia Har\u00e1 que el enga\u00f1o prospere por su influencia. \u00c9l\u00a0se\u00a0engrandecer\u00e1 en su coraz\u00f3n, Y destruir\u00e1 a muchos que est\u00e1n confiados. Aun se levantar\u00e1 contra el\u00a0Pr\u00edncipe de los pr\u00edncipes, Pero ser\u00e1 destruido sin intervenci\u00f3n humana.\u00bb<\/em><\/p>\n\n\n\n<p class=\"wp-block-paragraph\"><strong>Dn. 11:36<\/strong> &#8211; <em>\u00ab<sup>36\u00a0<\/sup>\u00bbEl rey har\u00e1 lo que le plazca, se enaltecer\u00e1 y se engrandecer\u00e1\u00a0sobre todo dios, y contra el Dios de los dioses\u00a0dir\u00e1 cosas horrendas. \u00c9l prosperar\u00e1 hasta que se haya acabado la indignaci\u00f3n, porque lo que est\u00e1 decretado\u00a0se cumplir\u00e1.\u00bb<\/em><\/p>\n<\/blockquote>\n\n\n\n<p class=\"wp-block-paragraph\">Dentro de sus blasfemias, tambi\u00e9n est\u00e1n incluidas sus acusaciones o acciones contra los creyentes que tienen Su nombre escrito &#8211; <strong>Ap. 3:12; 14:1; 22:4; cf. 7:13<\/strong><\/p>\n\n\n\n<blockquote class=\"wp-block-quote is-layout-flow wp-block-quote-is-layout-flow\">\n<p class=\"wp-block-paragraph\"><strong>Ap. 3:12<\/strong> &#8211;<em>\u00ab<sup>12\u00a0<\/sup>Al vencedor le har\u00e9 una columna en el templo de Mi Dios, y nunca m\u00e1s saldr\u00e1 de all\u00ed. Escribir\u00e9 sobre \u00e9l el nombre de Mi Dios y el nombre de la ciudad de Mi Dios, la nueva Jerusal\u00e9n, que desciende del cielo de Mi Dios, y Mi nombre nuevo.\u00bb<\/em><\/p>\n\n\n\n<p class=\"wp-block-paragraph\"><strong>Ap. 14:1<\/strong> &#8211;<em>\u00abMir\u00e9 que el Cordero\u00a0estaba de pie sobre el monte Si\u00f3n, y con \u00c9l 144,000\u00a0que ten\u00edan el nombre del Cordero\u00a0y el nombre de Su Padre\u00a0escrito en la frente.\u00bb<\/em><\/p>\n\n\n\n<p class=\"wp-block-paragraph\"><strong>Ap. 22:4<\/strong> &#8211;<em>\u00ab<sup>4\u00a0<\/sup>Ellos ver\u00e1n Su rostro\u00a0y Su nombre\u00a0estar\u00e1\u00a0en sus frentes.\u00bb<\/em><\/p>\n\n\n\n<p class=\"wp-block-paragraph\"><strong>Ap. 7:3<\/strong> &#8211; <em>\u00ab<sup>3\u00a0<\/sup>\u00abNo hagan da\u00f1o, ni a la tierra ni al mar ni a los \u00e1rboles, hasta que hayamos puesto un sello\u00a0en la frente a los siervos de nuestro Dios\u00bb.<\/em><\/p>\n<\/blockquote>\n\n\n\n<p class=\"wp-block-paragraph\"><strong>En este verso 6<\/strong>, la menci\u00f3n de \u00ab<strong>Su tabern\u00e1culo<\/strong>\u00ab, seguida de las palabras <strong>\u00abes decir, los que moran (tabern\u00e1culo) en el cielo\u00bb<\/strong> alude respectivamente al \u00ablugar de Su santuario\u00bb en Daniel 8:11 y al \u00abej\u00e9rcito\u00bb celestial en Daniel 8:10, donde el tirano del fin de los tiempos hace que parte del ej\u00e9rcito celestial y las estrellas caigan a la tierra y derriba el lugar del santuario del pr\u00edncipe (todo esto representa el sufrimiento del pueblo de Dios). <\/p>\n\n\n\n<blockquote class=\"wp-block-quote is-layout-flow wp-block-quote-is-layout-flow\">\n<p class=\"wp-block-paragraph\"><strong>Dn. 8:10-11<\/strong><em> \u00ab<sup>10\u00a0<\/sup>Creci\u00f3 hasta <strong>el ej\u00e9rcito del cielo<\/strong>, <strong>e hizo caer a la tierra\u00a0parte\u00a0del ej\u00e9rcito y de las estrellas<\/strong>, y las pisote\u00f3.\u00a0<sup>11\u00a0<\/sup>Se engrandeci\u00f3 hasta\u00a0igualarse con\u00a0el Jefe\u00a0del ej\u00e9rcito, le quit\u00f3 Su sacrificio continuo\u00a0y fue derribado el lugar de Su santuario.\u00bb<\/em><\/p>\n<\/blockquote>\n\n\n\n<p class=\"wp-block-paragraph\">Estas comparaciones de los santos del tabern\u00e1culo celestial, nos permiten ver que los verdaderos creyentes que viven en la tierra habitan en el santuario invisible e indestructible de Dios.<\/p>\n\n\n\n<p class=\"wp-block-paragraph\">Pablo mismo, considera que la iglesia esta sentada en el cielo &#8211; Efesios 2:6; Col. 3:1:<\/p>\n\n\n\n<blockquote class=\"wp-block-quote is-layout-flow wp-block-quote-is-layout-flow\">\n<p class=\"wp-block-paragraph\"><strong>Ef. 2:6<\/strong> &#8211; <em>\u00ab<sup>6\u00a0<\/sup>y con \u00c9l\u00a0nos\u00a0resucit\u00f3\u00a0y con \u00c9l\u00a0nos\u00a0sent\u00f3 en los\u00a0lugares\u00a0celestiales\u00a0en Cristo Jes\u00fas,\u00bb<\/em><\/p>\n\n\n\n<p class=\"wp-block-paragraph\"><strong>Col. 3:1<\/strong> &#8211; <em>\u00abSi ustedes, pues, han resucitado con Cristo, busquen las cosas de arriba, donde est\u00e1 Cristo sentado a la diestra de Dios.\u00bb<\/em><\/p>\n<\/blockquote>\n\n\n\n<p class=\"wp-block-paragraph\">De esta manera, los santos que han muerto y est\u00e1n con el Se\u00f1or tambi\u00e9n est\u00e1n incluidos en el n\u00famero de \u00ab<strong>los que moran en el cielo<\/strong>\u00ab.<\/p>\n\n\n\n<div style=\"height:100px\" aria-hidden=\"true\" class=\"wp-block-spacer\"><\/div>\n\n\n\n<h1 class=\"wp-block-heading\">REFLEXIONANDO<\/h1>\n\n\n\n<div style=\"height:47px\" aria-hidden=\"true\" class=\"wp-block-spacer\"><\/div>\n\n\n\n<figure class=\"wp-block-image size-large\"><img loading=\"lazy\" decoding=\"async\" width=\"1024\" height=\"683\" src=\"https:\/\/ministeriosdiaadia.cl\/wp-content\/uploads\/2026\/02\/illustration-man-woman-sitting-together-deeply-engaged-reading-books-surrounded-by-cozy-environment-filled-with-shelves-literature-shared-love-reading-as-hobby-3-1024x683.jpg\" alt=\"\" class=\"wp-image-827\" srcset=\"https:\/\/ministeriosdiaadia.cl\/wp-content\/uploads\/2026\/02\/illustration-man-woman-sitting-together-deeply-engaged-reading-books-surrounded-by-cozy-environment-filled-with-shelves-literature-shared-love-reading-as-hobby-3-980x653.jpg 980w, https:\/\/ministeriosdiaadia.cl\/wp-content\/uploads\/2026\/02\/illustration-man-woman-sitting-together-deeply-engaged-reading-books-surrounded-by-cozy-environment-filled-with-shelves-literature-shared-love-reading-as-hobby-3-480x320.jpg 480w\" sizes=\"(min-width: 0px) and (max-width: 480px) 480px, (min-width: 481px) and (max-width: 980px) 980px, (min-width: 981px) 1024px, 100vw\" \/><\/figure>\n\n\n\n<p class=\"wp-block-paragraph\"><\/p>\n\n\n\n<div style=\"height:39px\" aria-hidden=\"true\" class=\"wp-block-spacer\"><\/div>\n\n\n\n<blockquote class=\"wp-block-quote is-layout-flow wp-block-quote-is-layout-flow\">\n<p class=\"wp-block-paragraph\"><strong>II Cor. 4:7-9<\/strong> \u00ab<sup>7\u00a0<\/sup>Pero tenemos este tesoro en vasos de barro, para que la extraordinaria grandeza del poder sea de Dios y no de nosotros.\u00a0<sup>8\u00a0<\/sup>Afligidos en todo, pero no agobiados; perplejos, pero no desesperados;\u00a0<sup>9\u00a0<\/sup>perseguidos, pero no abandonados; derribados, pero no destruidos.\u00bb<\/p>\n<\/blockquote>\n\n\n\n<p class=\"wp-block-paragraph\"><strong>Nuestra seguridad no nace de nuestra propia fuerza o resistencia<\/strong>, sino del \u00abtesoro\u00bb que portamos: la presencia de Cristo. Reconocer que somos <strong>vasos de barro<\/strong> nos libera de la presi\u00f3n de ser autosuficientes, permitiendo que la excelencia del poder sea de Dios y no de nosotros.<\/p>\n\n\n\n<p class=\"wp-block-paragraph\">El ap\u00f3stol Pablo establece <strong>un contraste vital entre la presi\u00f3n externa y la preservaci\u00f3n interna<\/strong>. Podemos estar <strong>atribulados<\/strong>, pero la gracia de Dios impide que estemos <strong>angustiados<\/strong>; podemos estar <strong>perseguidos<\/strong>, pero jam\u00e1s nos sentiremos <strong>desamparados<\/strong>. La prueba tiene permiso para tocarnos, <strong>pero no para destruirnos<\/strong>.<\/p>\n\n\n\n<p class=\"wp-block-paragraph\"><strong>La seguridad del creyente radica en que Dios pone un l\u00edmite al impacto de la adversidad<\/strong>. Aunque el mundo vea a un cristiano \u00abderribado\u00bb, la realidad espiritual es que <strong>no est\u00e1 destruido<\/strong>. La ca\u00edda es temporal, <strong>pero la victoria en Cristo es eterna<\/strong>; la persecuci\u00f3n solo sirve para que la vida de Jes\u00fas se manifieste con m\u00e1s brillo en nosotros.<\/p>\n\n\n\n<div style=\"height:100px\" aria-hidden=\"true\" class=\"wp-block-spacer\"><\/div>\n\n\n\n<figure class=\"wp-block-embed is-type-rich is-provider-spotify wp-block-embed-spotify wp-embed-aspect-21-9 wp-has-aspect-ratio\"><div class=\"wp-block-embed__wrapper\">\n<iframe title=\"Spotify Embed: Paz En La Tormenta\" style=\"border-radius: 12px\" width=\"100%\" height=\"152\" frameborder=\"0\" allowfullscreen allow=\"autoplay; clipboard-write; encrypted-media; fullscreen; picture-in-picture\" loading=\"lazy\" src=\"https:\/\/open.spotify.com\/embed\/track\/1B8LCSCwzujQAiCPFS3DLy?si=aa39b2e583014ddc&amp;utm_source=oembed\"><\/iframe>\n<\/div><\/figure>\n","protected":false},"excerpt":{"rendered":"<p>Adoraron al drag\u00f3n, porque hab\u00eda dado autoridad\u00a0a la bestia. Adoraron a la bestia, diciendo: \u00ab\u00bfQui\u00e9n es semejante a la bestia, y qui\u00e9n puede luchar contra ella?\u00bb 5\u00a0A la bestia se le dio una boca que hablaba palabras arrogantes\u00a0y blasfemias, y se le dio autoridad para actuar\u00a0durante cuarenta y dos meses.\u00a06\u00a0Y abri\u00f3 su boca con blasfemias [&hellip;]<\/p>\n","protected":false},"author":1,"featured_media":816,"comment_status":"open","ping_status":"open","sticky":false,"template":"","format":"standard","meta":{"_et_pb_use_builder":"off","_et_pb_old_content":"","_et_gb_content_width":"","_monsterinsights_skip_tracking":false,"footnotes":""},"categories":[4,3],"tags":[],"class_list":["post-815","post","type-post","status-publish","format-standard","has-post-thumbnail","hentry","category-apocalipsis","category-dia-a-dia"],"aioseo_notices":[],"aioseo_head":"\n\t\t<!-- All in One SEO 5.0.1.1 - aioseo.com -->\n\t<meta name=\"description\" content=\"Adoraron al drag\u00f3n, porque hab\u00eda dado autoridad a la bestia. Adoraron a la bestia, diciendo: \u00ab\u00bfQui\u00e9n es semejante a la bestia, y qui\u00e9n puede luchar contra ella?\u00bb 5 A la bestia se le dio una boca que hablaba palabras arrogantes y blasfemias, y se le dio autoridad para actuar durante cuarenta y dos meses. 6 Y abri\u00f3 su boca con blasfemias\" \/>\n\t<meta name=\"robots\" content=\"max-image-preview:large\" \/>\n\t<meta name=\"author\" content=\"Pastor Carlos\"\/>\n\t<link rel=\"canonical\" href=\"https:\/\/ministeriosdiaadia.cl\/index.php\/2026\/02\/17\/apocalipsis-134\/\" \/>\n\t<meta name=\"generator\" content=\"All in One SEO (AIOSEO) 5.0.1.1\" \/>\n\t\t<meta property=\"og:locale\" content=\"es_ES\" \/>\n\t\t<meta property=\"og:site_name\" content=\"MINISTERIOS DIA A DIA - Un ministerio de acompa\u00f1amiento espiritual\" \/>\n\t\t<meta property=\"og:type\" content=\"article\" \/>\n\t\t<meta property=\"og:title\" content=\"APOCALIPSIS 13:4-6 - MINISTERIOS DIA A DIA\" \/>\n\t\t<meta property=\"og:description\" content=\"Adoraron al drag\u00f3n, porque hab\u00eda dado autoridad a la bestia. Adoraron a la bestia, diciendo: \u00ab\u00bfQui\u00e9n es semejante a la bestia, y qui\u00e9n puede luchar contra ella?\u00bb 5 A la bestia se le dio una boca que hablaba palabras arrogantes y blasfemias, y se le dio autoridad para actuar durante cuarenta y dos meses. 6 Y abri\u00f3 su boca con blasfemias\" \/>\n\t\t<meta property=\"og:url\" content=\"https:\/\/ministeriosdiaadia.cl\/index.php\/2026\/02\/17\/apocalipsis-134\/\" \/>\n\t\t<meta property=\"article:published_time\" content=\"2026-02-17T15:13:28+00:00\" \/>\n\t\t<meta property=\"article:modified_time\" content=\"2026-02-18T15:12:21+00:00\" \/>\n\t\t<meta name=\"twitter:card\" content=\"summary_large_image\" \/>\n\t\t<meta name=\"twitter:title\" content=\"APOCALIPSIS 13:4-6 - MINISTERIOS DIA A DIA\" \/>\n\t\t<meta name=\"twitter:description\" content=\"Adoraron al drag\u00f3n, porque hab\u00eda dado autoridad a la bestia. Adoraron a la bestia, diciendo: \u00ab\u00bfQui\u00e9n es semejante a la bestia, y qui\u00e9n puede luchar contra ella?\u00bb 5 A la bestia se le dio una boca que hablaba palabras arrogantes y blasfemias, y se le dio autoridad para actuar durante cuarenta y dos meses. 6 Y abri\u00f3 su boca con blasfemias\" \/>\n\t\t<script type=\"application\/ld+json\" class=\"aioseo-schema\">\n\t\t\t{\"@context\":\"https:\\\/\\\/schema.org\",\"@graph\":[{\"@type\":\"BlogPosting\",\"@id\":\"https:\\\/\\\/ministeriosdiaadia.cl\\\/index.php\\\/2026\\\/02\\\/17\\\/apocalipsis-134\\\/#blogposting\",\"name\":\"APOCALIPSIS 13:4-6 - MINISTERIOS DIA A DIA\",\"headline\":\"APOCALIPSIS 13:4-6\",\"author\":{\"@id\":\"https:\\\/\\\/ministeriosdiaadia.cl\\\/index.php\\\/author\\\/admin_85kkxhyd\\\/#author\"},\"publisher\":{\"@id\":\"https:\\\/\\\/ministeriosdiaadia.cl\\\/#organization\"},\"image\":{\"@type\":\"ImageObject\",\"url\":\"https:\\\/\\\/ministeriosdiaadia.cl\\\/wp-content\\\/uploads\\\/2026\\\/02\\\/IMAGEN-DESTACADA-13-4.jpg\",\"width\":1200,\"height\":628},\"datePublished\":\"2026-02-17T12:13:28-03:00\",\"dateModified\":\"2026-02-18T12:12:21-03:00\",\"inLanguage\":\"es-ES\",\"mainEntityOfPage\":{\"@id\":\"https:\\\/\\\/ministeriosdiaadia.cl\\\/index.php\\\/2026\\\/02\\\/17\\\/apocalipsis-134\\\/#webpage\"},\"isPartOf\":{\"@id\":\"https:\\\/\\\/ministeriosdiaadia.cl\\\/index.php\\\/2026\\\/02\\\/17\\\/apocalipsis-134\\\/#webpage\"},\"articleSection\":\"APOCALIPSIS, D\\u00cdA A D\\u00cdA\"},{\"@type\":\"BreadcrumbList\",\"@id\":\"https:\\\/\\\/ministeriosdiaadia.cl\\\/index.php\\\/2026\\\/02\\\/17\\\/apocalipsis-134\\\/#breadcrumblist\",\"itemListElement\":[{\"@type\":\"ListItem\",\"@id\":\"https:\\\/\\\/ministeriosdiaadia.cl#listItem\",\"position\":1,\"name\":\"Home\",\"item\":\"https:\\\/\\\/ministeriosdiaadia.cl\",\"nextItem\":{\"@type\":\"ListItem\",\"@id\":\"https:\\\/\\\/ministeriosdiaadia.cl\\\/index.php\\\/category\\\/dia-a-dia\\\/#listItem\",\"name\":\"D\\u00cdA A D\\u00cdA\"}},{\"@type\":\"ListItem\",\"@id\":\"https:\\\/\\\/ministeriosdiaadia.cl\\\/index.php\\\/category\\\/dia-a-dia\\\/#listItem\",\"position\":2,\"name\":\"D\\u00cdA A D\\u00cdA\",\"item\":\"https:\\\/\\\/ministeriosdiaadia.cl\\\/index.php\\\/category\\\/dia-a-dia\\\/\",\"nextItem\":{\"@type\":\"ListItem\",\"@id\":\"https:\\\/\\\/ministeriosdiaadia.cl\\\/index.php\\\/category\\\/dia-a-dia\\\/apocalipsis\\\/#listItem\",\"name\":\"APOCALIPSIS\"},\"previousItem\":{\"@type\":\"ListItem\",\"@id\":\"https:\\\/\\\/ministeriosdiaadia.cl#listItem\",\"name\":\"Home\"}},{\"@type\":\"ListItem\",\"@id\":\"https:\\\/\\\/ministeriosdiaadia.cl\\\/index.php\\\/category\\\/dia-a-dia\\\/apocalipsis\\\/#listItem\",\"position\":3,\"name\":\"APOCALIPSIS\",\"item\":\"https:\\\/\\\/ministeriosdiaadia.cl\\\/index.php\\\/category\\\/dia-a-dia\\\/apocalipsis\\\/\",\"nextItem\":{\"@type\":\"ListItem\",\"@id\":\"https:\\\/\\\/ministeriosdiaadia.cl\\\/index.php\\\/2026\\\/02\\\/17\\\/apocalipsis-134\\\/#listItem\",\"name\":\"APOCALIPSIS 13:4-6\"},\"previousItem\":{\"@type\":\"ListItem\",\"@id\":\"https:\\\/\\\/ministeriosdiaadia.cl\\\/index.php\\\/category\\\/dia-a-dia\\\/#listItem\",\"name\":\"D\\u00cdA A D\\u00cdA\"}},{\"@type\":\"ListItem\",\"@id\":\"https:\\\/\\\/ministeriosdiaadia.cl\\\/index.php\\\/2026\\\/02\\\/17\\\/apocalipsis-134\\\/#listItem\",\"position\":4,\"name\":\"APOCALIPSIS 13:4-6\",\"previousItem\":{\"@type\":\"ListItem\",\"@id\":\"https:\\\/\\\/ministeriosdiaadia.cl\\\/index.php\\\/category\\\/dia-a-dia\\\/apocalipsis\\\/#listItem\",\"name\":\"APOCALIPSIS\"}}]},{\"@type\":\"Organization\",\"@id\":\"https:\\\/\\\/ministeriosdiaadia.cl\\\/#organization\",\"name\":\"MINISTERIOS DIA A DIA\",\"description\":\"Un ministerio de acompa\\u00f1amiento espiritual\",\"url\":\"https:\\\/\\\/ministeriosdiaadia.cl\\\/\"},{\"@type\":\"Person\",\"@id\":\"https:\\\/\\\/ministeriosdiaadia.cl\\\/index.php\\\/author\\\/admin_85kkxhyd\\\/#author\",\"url\":\"https:\\\/\\\/ministeriosdiaadia.cl\\\/index.php\\\/author\\\/admin_85kkxhyd\\\/\",\"name\":\"Pastor Carlos\",\"image\":{\"@type\":\"ImageObject\",\"@id\":\"https:\\\/\\\/ministeriosdiaadia.cl\\\/index.php\\\/2026\\\/02\\\/17\\\/apocalipsis-134\\\/#authorImage\",\"url\":\"https:\\\/\\\/secure.gravatar.com\\\/avatar\\\/26b5f8890c89288a41e21f7e879ead6e0151f5ffae28bf22debe6e84cf0942f4?s=96&d=mm&r=g\",\"width\":96,\"height\":96,\"caption\":\"Pastor Carlos\"}},{\"@type\":\"WebPage\",\"@id\":\"https:\\\/\\\/ministeriosdiaadia.cl\\\/index.php\\\/2026\\\/02\\\/17\\\/apocalipsis-134\\\/#webpage\",\"url\":\"https:\\\/\\\/ministeriosdiaadia.cl\\\/index.php\\\/2026\\\/02\\\/17\\\/apocalipsis-134\\\/\",\"name\":\"APOCALIPSIS 13:4-6 - MINISTERIOS DIA A DIA\",\"description\":\"Adoraron al drag\\u00f3n, porque hab\\u00eda dado autoridad a la bestia. Adoraron a la bestia, diciendo: \\u00ab\\u00bfQui\\u00e9n es semejante a la bestia, y qui\\u00e9n puede luchar contra ella?\\u00bb 5 A la bestia se le dio una boca que hablaba palabras arrogantes y blasfemias, y se le dio autoridad para actuar durante cuarenta y dos meses. 6 Y abri\\u00f3 su boca con blasfemias\",\"inLanguage\":\"es-ES\",\"isPartOf\":{\"@id\":\"https:\\\/\\\/ministeriosdiaadia.cl\\\/#website\"},\"breadcrumb\":{\"@id\":\"https:\\\/\\\/ministeriosdiaadia.cl\\\/index.php\\\/2026\\\/02\\\/17\\\/apocalipsis-134\\\/#breadcrumblist\"},\"author\":{\"@id\":\"https:\\\/\\\/ministeriosdiaadia.cl\\\/index.php\\\/author\\\/admin_85kkxhyd\\\/#author\"},\"creator\":{\"@id\":\"https:\\\/\\\/ministeriosdiaadia.cl\\\/index.php\\\/author\\\/admin_85kkxhyd\\\/#author\"},\"image\":{\"@type\":\"ImageObject\",\"url\":\"https:\\\/\\\/ministeriosdiaadia.cl\\\/wp-content\\\/uploads\\\/2026\\\/02\\\/IMAGEN-DESTACADA-13-4.jpg\",\"@id\":\"https:\\\/\\\/ministeriosdiaadia.cl\\\/index.php\\\/2026\\\/02\\\/17\\\/apocalipsis-134\\\/#mainImage\",\"width\":1200,\"height\":628},\"primaryImageOfPage\":{\"@id\":\"https:\\\/\\\/ministeriosdiaadia.cl\\\/index.php\\\/2026\\\/02\\\/17\\\/apocalipsis-134\\\/#mainImage\"},\"datePublished\":\"2026-02-17T12:13:28-03:00\",\"dateModified\":\"2026-02-18T12:12:21-03:00\"},{\"@type\":\"WebSite\",\"@id\":\"https:\\\/\\\/ministeriosdiaadia.cl\\\/#website\",\"url\":\"https:\\\/\\\/ministeriosdiaadia.cl\\\/\",\"name\":\"MINISTERIOS DIA A DIA\",\"description\":\"Un ministerio de acompa\\u00f1amiento espiritual\",\"inLanguage\":\"es-ES\",\"publisher\":{\"@id\":\"https:\\\/\\\/ministeriosdiaadia.cl\\\/#organization\"}}]}\n\t\t<\/script>\n\t\t<!-- All in One SEO -->\n\n","aioseo_head_json":{"title":"APOCALIPSIS 13:4-6 - MINISTERIOS DIA A DIA","description":"Adoraron al drag\u00f3n, porque hab\u00eda dado autoridad a la bestia. Adoraron a la bestia, diciendo: \u00ab\u00bfQui\u00e9n es semejante a la bestia, y qui\u00e9n puede luchar contra ella?\u00bb 5 A la bestia se le dio una boca que hablaba palabras arrogantes y blasfemias, y se le dio autoridad para actuar durante cuarenta y dos meses. 6 Y abri\u00f3 su boca con blasfemias","canonical_url":"https:\/\/ministeriosdiaadia.cl\/index.php\/2026\/02\/17\/apocalipsis-134\/","robots":"max-image-preview:large","keywords":"","webmasterTools":{"miscellaneous":""},"schema":{"@context":"https:\/\/schema.org","@graph":[{"@type":"BlogPosting","@id":"https:\/\/ministeriosdiaadia.cl\/index.php\/2026\/02\/17\/apocalipsis-134\/#blogposting","name":"APOCALIPSIS 13:4-6 - MINISTERIOS DIA A DIA","headline":"APOCALIPSIS 13:4-6","author":{"@id":"https:\/\/ministeriosdiaadia.cl\/index.php\/author\/admin_85kkxhyd\/#author"},"publisher":{"@id":"https:\/\/ministeriosdiaadia.cl\/#organization"},"image":{"@type":"ImageObject","url":"https:\/\/ministeriosdiaadia.cl\/wp-content\/uploads\/2026\/02\/IMAGEN-DESTACADA-13-4.jpg","width":1200,"height":628},"datePublished":"2026-02-17T12:13:28-03:00","dateModified":"2026-02-18T12:12:21-03:00","inLanguage":"es-ES","mainEntityOfPage":{"@id":"https:\/\/ministeriosdiaadia.cl\/index.php\/2026\/02\/17\/apocalipsis-134\/#webpage"},"isPartOf":{"@id":"https:\/\/ministeriosdiaadia.cl\/index.php\/2026\/02\/17\/apocalipsis-134\/#webpage"},"articleSection":"APOCALIPSIS, D\u00cdA A D\u00cdA"},{"@type":"BreadcrumbList","@id":"https:\/\/ministeriosdiaadia.cl\/index.php\/2026\/02\/17\/apocalipsis-134\/#breadcrumblist","itemListElement":[{"@type":"ListItem","@id":"https:\/\/ministeriosdiaadia.cl#listItem","position":1,"name":"Home","item":"https:\/\/ministeriosdiaadia.cl","nextItem":{"@type":"ListItem","@id":"https:\/\/ministeriosdiaadia.cl\/index.php\/category\/dia-a-dia\/#listItem","name":"D\u00cdA A D\u00cdA"}},{"@type":"ListItem","@id":"https:\/\/ministeriosdiaadia.cl\/index.php\/category\/dia-a-dia\/#listItem","position":2,"name":"D\u00cdA A D\u00cdA","item":"https:\/\/ministeriosdiaadia.cl\/index.php\/category\/dia-a-dia\/","nextItem":{"@type":"ListItem","@id":"https:\/\/ministeriosdiaadia.cl\/index.php\/category\/dia-a-dia\/apocalipsis\/#listItem","name":"APOCALIPSIS"},"previousItem":{"@type":"ListItem","@id":"https:\/\/ministeriosdiaadia.cl#listItem","name":"Home"}},{"@type":"ListItem","@id":"https:\/\/ministeriosdiaadia.cl\/index.php\/category\/dia-a-dia\/apocalipsis\/#listItem","position":3,"name":"APOCALIPSIS","item":"https:\/\/ministeriosdiaadia.cl\/index.php\/category\/dia-a-dia\/apocalipsis\/","nextItem":{"@type":"ListItem","@id":"https:\/\/ministeriosdiaadia.cl\/index.php\/2026\/02\/17\/apocalipsis-134\/#listItem","name":"APOCALIPSIS 13:4-6"},"previousItem":{"@type":"ListItem","@id":"https:\/\/ministeriosdiaadia.cl\/index.php\/category\/dia-a-dia\/#listItem","name":"D\u00cdA A D\u00cdA"}},{"@type":"ListItem","@id":"https:\/\/ministeriosdiaadia.cl\/index.php\/2026\/02\/17\/apocalipsis-134\/#listItem","position":4,"name":"APOCALIPSIS 13:4-6","previousItem":{"@type":"ListItem","@id":"https:\/\/ministeriosdiaadia.cl\/index.php\/category\/dia-a-dia\/apocalipsis\/#listItem","name":"APOCALIPSIS"}}]},{"@type":"Organization","@id":"https:\/\/ministeriosdiaadia.cl\/#organization","name":"MINISTERIOS DIA A DIA","description":"Un ministerio de acompa\u00f1amiento espiritual","url":"https:\/\/ministeriosdiaadia.cl\/"},{"@type":"Person","@id":"https:\/\/ministeriosdiaadia.cl\/index.php\/author\/admin_85kkxhyd\/#author","url":"https:\/\/ministeriosdiaadia.cl\/index.php\/author\/admin_85kkxhyd\/","name":"Pastor Carlos","image":{"@type":"ImageObject","@id":"https:\/\/ministeriosdiaadia.cl\/index.php\/2026\/02\/17\/apocalipsis-134\/#authorImage","url":"https:\/\/secure.gravatar.com\/avatar\/26b5f8890c89288a41e21f7e879ead6e0151f5ffae28bf22debe6e84cf0942f4?s=96&d=mm&r=g","width":96,"height":96,"caption":"Pastor Carlos"}},{"@type":"WebPage","@id":"https:\/\/ministeriosdiaadia.cl\/index.php\/2026\/02\/17\/apocalipsis-134\/#webpage","url":"https:\/\/ministeriosdiaadia.cl\/index.php\/2026\/02\/17\/apocalipsis-134\/","name":"APOCALIPSIS 13:4-6 - MINISTERIOS DIA A DIA","description":"Adoraron al drag\u00f3n, porque hab\u00eda dado autoridad a la bestia. Adoraron a la bestia, diciendo: \u00ab\u00bfQui\u00e9n es semejante a la bestia, y qui\u00e9n puede luchar contra ella?\u00bb 5 A la bestia se le dio una boca que hablaba palabras arrogantes y blasfemias, y se le dio autoridad para actuar durante cuarenta y dos meses. 6 Y abri\u00f3 su boca con blasfemias","inLanguage":"es-ES","isPartOf":{"@id":"https:\/\/ministeriosdiaadia.cl\/#website"},"breadcrumb":{"@id":"https:\/\/ministeriosdiaadia.cl\/index.php\/2026\/02\/17\/apocalipsis-134\/#breadcrumblist"},"author":{"@id":"https:\/\/ministeriosdiaadia.cl\/index.php\/author\/admin_85kkxhyd\/#author"},"creator":{"@id":"https:\/\/ministeriosdiaadia.cl\/index.php\/author\/admin_85kkxhyd\/#author"},"image":{"@type":"ImageObject","url":"https:\/\/ministeriosdiaadia.cl\/wp-content\/uploads\/2026\/02\/IMAGEN-DESTACADA-13-4.jpg","@id":"https:\/\/ministeriosdiaadia.cl\/index.php\/2026\/02\/17\/apocalipsis-134\/#mainImage","width":1200,"height":628},"primaryImageOfPage":{"@id":"https:\/\/ministeriosdiaadia.cl\/index.php\/2026\/02\/17\/apocalipsis-134\/#mainImage"},"datePublished":"2026-02-17T12:13:28-03:00","dateModified":"2026-02-18T12:12:21-03:00"},{"@type":"WebSite","@id":"https:\/\/ministeriosdiaadia.cl\/#website","url":"https:\/\/ministeriosdiaadia.cl\/","name":"MINISTERIOS DIA A DIA","description":"Un ministerio de acompa\u00f1amiento espiritual","inLanguage":"es-ES","publisher":{"@id":"https:\/\/ministeriosdiaadia.cl\/#organization"}}]},"og:locale":"es_ES","og:site_name":"MINISTERIOS DIA A DIA - Un ministerio de acompa\u00f1amiento espiritual","og:type":"article","og:title":"APOCALIPSIS 13:4-6 - MINISTERIOS DIA A DIA","og:description":"Adoraron al drag\u00f3n, porque hab\u00eda dado autoridad a la bestia. Adoraron a la bestia, diciendo: \u00ab\u00bfQui\u00e9n es semejante a la bestia, y qui\u00e9n puede luchar contra ella?\u00bb 5 A la bestia se le dio una boca que hablaba palabras arrogantes y blasfemias, y se le dio autoridad para actuar durante cuarenta y dos meses. 6 Y abri\u00f3 su boca con blasfemias","og:url":"https:\/\/ministeriosdiaadia.cl\/index.php\/2026\/02\/17\/apocalipsis-134\/","article:published_time":"2026-02-17T15:13:28+00:00","article:modified_time":"2026-02-18T15:12:21+00:00","twitter:card":"summary_large_image","twitter:title":"APOCALIPSIS 13:4-6 - MINISTERIOS DIA A DIA","twitter:description":"Adoraron al drag\u00f3n, porque hab\u00eda dado autoridad a la bestia. Adoraron a la bestia, diciendo: \u00ab\u00bfQui\u00e9n es semejante a la bestia, y qui\u00e9n puede luchar contra ella?\u00bb 5 A la bestia se le dio una boca que hablaba palabras arrogantes y blasfemias, y se le dio autoridad para actuar durante cuarenta y dos meses. 6 Y abri\u00f3 su boca con blasfemias"},"aioseo_meta_data":{"post_id":"815","title":null,"description":null,"keywords":null,"keyphrases":null,"focus_keyword":null,"additional_keywords":null,"truseo_locale":null,"primary_term":null,"canonical_url":null,"og_title":null,"og_description":null,"og_object_type":"default","og_image_type":"default","og_image_custom_url":null,"og_image_custom_fields":null,"og_image_url":null,"og_image_width":null,"og_image_height":null,"og_video":null,"og_custom_url":null,"og_article_section":null,"og_article_tags":null,"twitter_use_og":false,"twitter_card":"default","twitter_image_type":"default","twitter_image_custom_url":null,"twitter_image_custom_fields":null,"twitter_image_url":null,"twitter_title":null,"twitter_description":null,"schema_type":"default","schema_type_options":null,"schema":{"blockGraphs":[],"customGraphs":[],"default":{"data":{"Article":[],"Course":[],"Dataset":[],"FAQPage":[],"Movie":[],"Person":[],"Product":[],"ProductReview":[],"Car":[],"Recipe":[],"Service":[],"SoftwareApplication":[],"WebPage":[]},"graphName":"","isEnabled":true},"graphs":[]},"pillar_content":false,"robots_default":true,"robots_noindex":false,"robots_noarchive":false,"robots_nosnippet":false,"robots_nofollow":false,"robots_noimageindex":false,"robots_noodp":false,"robots_notranslate":false,"robots_max_snippet":null,"robots_max_videopreview":null,"robots_max_imagepreview":"large","priority":null,"frequency":null,"local_seo":null,"limit_modified_date":false,"ai":null,"breadcrumb_settings":null,"seo_analyzer_scan_date":null,"created":"2026-08-20 03:58:05","updated":"2026-08-20 03:58:05"},"aioseo_breadcrumb":"<div class=\"aioseo-breadcrumbs\"><span class=\"aioseo-breadcrumb\">\n\t\t\t<a href=\"https:\/\/ministeriosdiaadia.cl\" title=\"Home\">Home<\/a>\n\t\t<\/span><span class=\"aioseo-breadcrumb-separator\">&raquo;<\/span><span class=\"aioseo-breadcrumb\">\n\t\t\t<a href=\"https:\/\/ministeriosdiaadia.cl\/index.php\/category\/dia-a-dia\/\" title=\"D\u00cdA A D\u00cdA\">D\u00cdA A D\u00cdA<\/a>\n\t\t<\/span><span class=\"aioseo-breadcrumb-separator\">&raquo;<\/span><span class=\"aioseo-breadcrumb\">\n\t\t\t<a href=\"https:\/\/ministeriosdiaadia.cl\/index.php\/category\/dia-a-dia\/apocalipsis\/\" title=\"APOCALIPSIS\">APOCALIPSIS<\/a>\n\t\t<\/span><span class=\"aioseo-breadcrumb-separator\">&raquo;<\/span><span class=\"aioseo-breadcrumb\">\n\t\t\tAPOCALIPSIS 13:4-6\n\t\t<\/span><\/div>","aioseo_breadcrumb_json":[{"label":"Home","link":"https:\/\/ministeriosdiaadia.cl"},{"label":"D\u00cdA A D\u00cdA","link":"https:\/\/ministeriosdiaadia.cl\/index.php\/category\/dia-a-dia\/"},{"label":"APOCALIPSIS","link":"https:\/\/ministeriosdiaadia.cl\/index.php\/category\/dia-a-dia\/apocalipsis\/"},{"label":"APOCALIPSIS 13:4-6","link":"https:\/\/ministeriosdiaadia.cl\/index.php\/2026\/02\/17\/apocalipsis-134\/"}],"_links":{"self":[{"href":"https:\/\/ministeriosdiaadia.cl\/index.php\/wp-json\/wp\/v2\/posts\/815","targetHints":{"allow":["GET"]}}],"collection":[{"href":"https:\/\/ministeriosdiaadia.cl\/index.php\/wp-json\/wp\/v2\/posts"}],"about":[{"href":"https:\/\/ministeriosdiaadia.cl\/index.php\/wp-json\/wp\/v2\/types\/post"}],"author":[{"embeddable":true,"href":"https:\/\/ministeriosdiaadia.cl\/index.php\/wp-json\/wp\/v2\/users\/1"}],"replies":[{"embeddable":true,"href":"https:\/\/ministeriosdiaadia.cl\/index.php\/wp-json\/wp\/v2\/comments?post=815"}],"version-history":[{"count":10,"href":"https:\/\/ministeriosdiaadia.cl\/index.php\/wp-json\/wp\/v2\/posts\/815\/revisions"}],"predecessor-version":[{"id":836,"href":"https:\/\/ministeriosdiaadia.cl\/index.php\/wp-json\/wp\/v2\/posts\/815\/revisions\/836"}],"wp:featuredmedia":[{"embeddable":true,"href":"https:\/\/ministeriosdiaadia.cl\/index.php\/wp-json\/wp\/v2\/media\/816"}],"wp:attachment":[{"href":"https:\/\/ministeriosdiaadia.cl\/index.php\/wp-json\/wp\/v2\/media?parent=815"}],"wp:term":[{"taxonomy":"category","embeddable":true,"href":"https:\/\/ministeriosdiaadia.cl\/index.php\/wp-json\/wp\/v2\/categories?post=815"},{"taxonomy":"post_tag","embeddable":true,"href":"https:\/\/ministeriosdiaadia.cl\/index.php\/wp-json\/wp\/v2\/tags?post=815"}],"curies":[{"name":"wp","href":"https:\/\/api.w.org\/{rel}","templated":true}]}}