{"id":405,"date":"2026-01-13T01:49:26","date_gmt":"2026-01-13T01:49:26","guid":{"rendered":"https:\/\/ministeriosdiaadia.cl\/?p=405"},"modified":"2026-01-13T17:17:53","modified_gmt":"2026-01-13T20:17:53","slug":"dia-a-dia-apocalipsis-125-6","status":"publish","type":"post","link":"https:\/\/ministeriosdiaadia.cl\/index.php\/2026\/01\/13\/dia-a-dia-apocalipsis-125-6\/","title":{"rendered":"D\u00cdA A D\u00cdA: APOCALIPSIS 12:5-6"},"content":{"rendered":"\n<p class=\"wp-block-paragraph\">Verso 5 &#8211; \u00abY ella dio a luz un Hijo var\u00f3n, que ha de regir a todas las naciones con vara de hierro. Su Hijo fue arrebatado hasta Dios y hasta Su trono.\u00bb<\/p>\n\n\n\n<p class=\"wp-block-paragraph\"><\/p>\n\n\n\n<h5 class=\"wp-block-heading\">\u00bfQU\u00c9 REPRESENTAN ESTOS DOS VERS\u00cdCULOS?<\/h5>\n\n\n\n<p class=\"wp-block-paragraph\">Estos versos son un resumen de toda la vida de Cristo -\u00abSu nacimiento, su destino a ser el Rey Hombre ascendiendo al trono de Dios en el cielo despu\u00e9s de haber resucitado\u00bb. <\/p>\n\n\n\n<p class=\"wp-block-paragraph\"><strong>El Nuevo Testamento<\/strong> resume de la misma manera la vida de Jes\u00fas, leemos en <strong>Juan 13:3 <\/strong><em>\u00abJes\u00fas, sabiendo que el Padre hab\u00eda puesto&nbsp;todas las cosas en Sus manos, y que de Dios hab\u00eda salido&nbsp;y a Dios volv\u00eda,\u00bb<\/em>; <strong>16:28<\/strong> <em>\u00abEn ese d\u00eda pedir\u00e1n en Mi nombre, y no les digo que Yo rogar\u00e9 al Padre por ustedes,\u00bb<\/em>; <strong>Rom. 1:3-4<\/strong> <em>\u00ab<sup>3&nbsp;<\/sup>Es el mensaje&nbsp;acerca de Su Hijo, que naci\u00f3 de la descendencia&nbsp;de David&nbsp;seg\u00fan la carne,&nbsp;<sup>4&nbsp;<\/sup>y&nbsp;que fue declarado Hijo de Dios&nbsp;con&nbsp;un acto de&nbsp;poder, conforme al Esp\u00edritu&nbsp;de santidad, por&nbsp;la resurrecci\u00f3n de entre los muertos: nuestro Se\u00f1or Jesucristo.\u00bb<\/em>; y <strong>I Timoteo 3:16<\/strong> <em>\u00abE indiscutiblemente, grande es el misterio&nbsp;de la piedad: \u00c9l&nbsp;fue manifestado en la carne, Vindicado&nbsp;en&nbsp;el Esp\u00edritu, Contemplado por \u00e1ngeles, Proclamado entre las naciones, Cre\u00eddo en el mundo, Recibido arriba en gloria.\u00bb<\/em>  <\/p>\n\n\n\n<p class=\"wp-block-paragraph\">Incre\u00edblemente el mismo tipo de expresi\u00f3n aparece en <strong>Apocalipsis 1:5, 17-18<\/strong> <em>\u00ab5 y de parte de Jesucristo, el testigo fiel, el primog\u00e9nito de los muertos&nbsp;y el soberano de los reyes de la tierra. Al que nos ama&nbsp;y nos libert\u00f3&nbsp;de nuestros pecados con&nbsp;Su sangre,\u00bb<\/em>, <em>\u00ab<sup>17&nbsp;<\/sup>Cuando lo vi, ca\u00ed como muerto a Sus pies. Y \u00c9l puso Su mano derecha sobre m\u00ed, diciendo:&nbsp;\u00abNo temas, Yo soy el Primero y el \u00daltimo,&nbsp;<sup>18&nbsp;<\/sup>y el que vive, y estuve muerto. Pero ahora estoy vivo por los siglos de los siglos, y tengo las llaves de la muerte y del Hades.\u00bb<\/em>; y en el <strong>cap\u00edtulo 2:8<\/strong> \u00ab<em>\u00abEscribe al \u00e1ngel de la iglesia en Esmirna&nbsp;: \u201c<strong>E<\/strong>l Primero y el \u00daltimo&nbsp;, el que estuvo muerto y ha vuelto a la vida&nbsp;, dice esto:\u00bb aunque poniendo mas el foco en la muerte y resurrecci\u00f3n de Cristo.\u00bb<\/em><\/p>\n\n\n\n<p class=\"wp-block-paragraph\"><\/p>\n\n\n\n<h5 class=\"wp-block-heading\">EL HIJO VAR\u00d3N<\/h5>\n\n\n\n<div class=\"wp-block-media-text is-stacked-on-mobile\"><figure class=\"wp-block-media-text__media\"><img loading=\"lazy\" decoding=\"async\" width=\"683\" height=\"1024\" src=\"https:\/\/ministeriosdiaadia.cl\/wp-content\/uploads\/2026\/01\/namibia-4965457_1920-683x1024.jpg\" alt=\"\" class=\"wp-image-416 size-full\"\/><\/figure><div class=\"wp-block-media-text__content\">\n<p class=\"wp-block-paragraph\">El Hijo var\u00f3n que nace (que ha de regir a todas las naciones con vara de hierro) es el mismo profetizado en el <strong>Salmo 2:7-9<\/strong>, nuestro amado Se\u00f1or Jes\u00fas, el Hijo de Dios, el Mes\u00edas prometido.<\/p>\n<\/div><\/div>\n\n\n\n<div style=\"height:67px\" aria-hidden=\"true\" class=\"wp-block-spacer\"><\/div>\n\n\n\n<h5 class=\"wp-block-heading\">LA INTENCI\u00d3N DESTRUCTIVA DEL DRAG\u00d3N<\/h5>\n\n\n\n<p class=\"wp-block-paragraph\">Todos los esfuerzos del drag\u00f3n, de la serpiente antigua, de Satan\u00e1s, terminaron en la cruz, el mismo punto en el que parec\u00eda que hab\u00eda triunfado en sus malvados planes.<\/p>\n\n\n\n<p class=\"wp-block-paragraph\">\u00a1Gloria a Dios!. En lugar de ser destru\u00eddo por el drag\u00f3n, Su Hijo (Cristo) fue arrebatado hasta Dios y hasta Su trono &#8211; \u00bfcu\u00e1ndo?&nbsp;Cuando resucit\u00f3. Ciertamente es una referencia a su ascensi\u00f3n a la diestra del Padre. Esto es afirmado en Apocalipsis 2:27. Adem\u00e1s, debemos considerar que se describa como \u00ab<em><strong>el hijo var\u00f3n<\/strong><\/em>\u00bb para mostrar que \u00c9l es el cumplimiento del <strong>Salmo 2<\/strong>.<\/p>\n\n\n\n<div style=\"height:36px\" aria-hidden=\"true\" class=\"wp-block-spacer\"><\/div>\n\n\n\n<div class=\"wp-block-media-text is-stacked-on-mobile\"><figure class=\"wp-block-media-text__media\"><img loading=\"lazy\" decoding=\"async\" width=\"1024\" height=\"1024\" src=\"https:\/\/ministeriosdiaadia.cl\/wp-content\/uploads\/2026\/01\/freepik__oil-painting-crea-la-imagen-pica-de-una-mujer-huye__11741.png\" alt=\"\" class=\"wp-image-417 size-full\" srcset=\"https:\/\/ministeriosdiaadia.cl\/wp-content\/uploads\/2026\/01\/freepik__oil-painting-crea-la-imagen-pica-de-una-mujer-huye__11741.png 1024w, https:\/\/ministeriosdiaadia.cl\/wp-content\/uploads\/2026\/01\/freepik__oil-painting-crea-la-imagen-pica-de-una-mujer-huye__11741-980x980.png 980w, https:\/\/ministeriosdiaadia.cl\/wp-content\/uploads\/2026\/01\/freepik__oil-painting-crea-la-imagen-pica-de-una-mujer-huye__11741-480x480.png 480w\" sizes=\"(min-width: 0px) and (max-width: 480px) 480px, (min-width: 481px) and (max-width: 980px) 980px, (min-width: 981px) 1024px, 100vw\" \/><\/figure><div class=\"wp-block-media-text__content\">\n<h4 class=\"wp-block-heading\">LA HU\u00cdDA DE LA MUJER<\/h4>\n\n\n\n<p class=\"wp-block-paragraph\"><strong>verso 6<\/strong> <em>\u00abLa mujer huy\u00f3 al desierto, donde ten\u00eda un lugar preparado por Dios, para ser sustentada all\u00ed por 1,260 d\u00edas.\u00bb<\/em><\/p>\n<\/div><\/div>\n\n\n\n<div style=\"height:51px\" aria-hidden=\"true\" class=\"wp-block-spacer\"><\/div>\n\n\n\n<p class=\"wp-block-paragraph\">Tras la liberaci\u00f3n de su hijo, la mujer huye al desierto. Debemos recordar que ella representa a la comunidad del pacto, la iglesia, ya no la del Antiguo Testamento, sino la mesi\u00e1nica, que vive en el tiempo en el que escribe Juan, posterior a la resurrecci\u00f3n y que nos abarca a nosotros tambi\u00e9n, hasta la venida del reino.<\/p>\n\n\n\n<p class=\"wp-block-paragraph\">Esta mujer (nosotros) esta ahora en la tierra, y no aparece en el cielo, porque representa al verdadero pueblo de Dios \u00aben la tierra\u00bb.<\/p>\n\n\n\n<p class=\"wp-block-paragraph\">La hu\u00edda al desierto alude al momento en que Israel huy\u00f3 de Egipto al desierto y fue protegido y alimentado por Yahv\u00e9 (\u00c9x. 16:32; Dt. 2:7). El mismo patr\u00f3n de huida al desierto se observa en el caso de El\u00edas (I R. 17; 19:3-8) y Mois\u00e9s (\u00c9x. 2:15), que simbolizan la iglesia en Ap. 11:5-6.<\/p>\n\n\n\n<p class=\"wp-block-paragraph\">Esta mujer, tambi\u00e9n es una imagen equivalente a la de los dos testigos del cap\u00edtulo 11, ya que ambos sufren en cuerpo pero son protegidos en esp\u00edritu, por el desierto y el santuario respectivamente.<\/p>\n\n\n\n<p class=\"wp-block-paragraph\">Los 1260 d\u00edas &#8211; es el tiempo de tribulaci\u00f3n predicho por Daniel 7:25 y 12:7, que comienza con la ascensi\u00f3n de Cristo y contin\u00faa hasta el d\u00eda de hoy hasta que Cristo regrese a consumar su reino.<\/p>\n\n\n\n<div style=\"height:100px\" aria-hidden=\"true\" class=\"wp-block-spacer\"><\/div>\n\n\n\n<div class=\"wp-block-media-text is-stacked-on-mobile\"><figure class=\"wp-block-media-text__media\"><img loading=\"lazy\" decoding=\"async\" width=\"1024\" height=\"683\" src=\"https:\/\/ministeriosdiaadia.cl\/wp-content\/uploads\/2026\/01\/illustration-man-woman-sitting-together-deeply-engaged-reading-books-surrounded-by-cozy-environment-filled-with-shelves-literature-shared-love-reading-as-hobby-1-1024x683.jpg\" alt=\"\" class=\"wp-image-421 size-full\" srcset=\"https:\/\/ministeriosdiaadia.cl\/wp-content\/uploads\/2026\/01\/illustration-man-woman-sitting-together-deeply-engaged-reading-books-surrounded-by-cozy-environment-filled-with-shelves-literature-shared-love-reading-as-hobby-1-980x653.jpg 980w, https:\/\/ministeriosdiaadia.cl\/wp-content\/uploads\/2026\/01\/illustration-man-woman-sitting-together-deeply-engaged-reading-books-surrounded-by-cozy-environment-filled-with-shelves-literature-shared-love-reading-as-hobby-1-480x320.jpg 480w\" sizes=\"(min-width: 0px) and (max-width: 480px) 480px, (min-width: 481px) and (max-width: 980px) 980px, (min-width: 981px) 1024px, 100vw\" \/><\/figure><div class=\"wp-block-media-text__content\">\n<h1 class=\"wp-block-heading\">REFLEXIONEMOS<\/h1>\n<\/div><\/div>\n\n\n\n<div style=\"height:61px\" aria-hidden=\"true\" class=\"wp-block-spacer\"><\/div>\n\n\n\n<p class=\"wp-block-paragraph\">De la misma manera que la iglesia del AT y que Cristo tuvieron que atravesar primero por el desierto para luego llegar a su destino, nosotros tambi\u00e9n temporalmente estamos atravesando por un desierto, por un valle de sombra y de muerte, por la tribulaci\u00f3n, hasta que venga Cristo y toda maldad, pecado y enfermedad acaben, de la misma manera que Dios acabar\u00e1 y juzgar\u00e1 a todos sus enemigos en el Juicio Final.<\/p>\n\n\n\n<p class=\"wp-block-paragraph\"><\/p>\n\n\n\n<h5 class=\"wp-block-heading\">\u00bfEST\u00c1S ATRAVESANDO POR ALG\u00daN VALLE DE SOMBRA Y DE MUERTE?<\/h5>\n\n\n\n<p class=\"wp-block-paragraph\">Lee el Salmo 23:4 y:<\/p>\n\n\n\n<p class=\"wp-block-paragraph\"><\/p>\n\n\n\n<ul class=\"wp-block-list\">\n<li>Analiza en los comentarios de este post como fue que el salmista logro tener paz y calma en medio de su valle de sombra y muerte, \u00bffue porque Dios quit\u00f3 su prueba y aflicci\u00f3n, o por otra raz\u00f3n mas importante? COM\u00c9NTANOS.<\/li>\n\n\n\n<li>Recuerda que el temor es algo que puedes controlar, puesto que el Se\u00f1or te ha dado todas las herramientas para hacerlo. La mente y el coraz\u00f3n deben ser movidos a tener paz y abandonar el c\u00f3modo estado del miedo y el temor -\u00abNo temer\u00e9 mal alguno\u00bb -declara el salmista<\/li>\n<\/ul>\n\n\n\n<p class=\"wp-block-paragraph\">A pesar de que, atravesamos esta leve tribulaci\u00f3n, debemos recordar que nuestras almas y su destino eterno est\u00e1n siendo protegidos por el Se\u00f1or, que pueden acabar con nuestro cuerpo pero jam\u00e1s con nuestra alma- el mismo Se\u00f1or prometi\u00f3 antes de irse que estar\u00eda con nosotros <em>\u00abtodos los d\u00edas hasta el fin del mundo\u00bb<\/em>. Am\u00e9n<\/p>\n","protected":false},"excerpt":{"rendered":"<p>Verso 5 &#8211; \u00abY ella dio a luz un Hijo var\u00f3n, que ha de regir a todas las naciones con vara de hierro. Su Hijo fue arrebatado hasta Dios y hasta Su trono.\u00bb \u00bfQU\u00c9 REPRESENTAN ESTOS DOS VERS\u00cdCULOS? Estos versos son un resumen de toda la vida de Cristo -\u00abSu nacimiento, su destino a ser [&hellip;]<\/p>\n","protected":false},"author":1,"featured_media":257,"comment_status":"open","ping_status":"open","sticky":false,"template":"","format":"standard","meta":{"_et_pb_use_builder":"off","_et_pb_old_content":"<!-- wp:paragraph -->\n<p>Verso 5 - \"Y ella dio a luz un Hijo var\u00f3n, que ha de regir a todas las naciones con vara de hierro. Su Hijo fue arrebatado hasta Dios y hasta Su trono.\"<\/p>\n<!-- \/wp:paragraph -->\n\n<!-- wp:paragraph -->\n<p><\/p>\n<!-- \/wp:paragraph -->\n\n<!-- wp:heading {\"level\":5} -->\n<h5 class=\"wp-block-heading\">\u00bfQU\u00c9 REPRESENTAN ESTOS DOS VERS\u00cdCULOS?<\/h5>\n<!-- \/wp:heading -->\n\n<!-- wp:paragraph -->\n<p>Estos versos son un resumen de toda la vida de Cristo -\"Su nacimiento, su destino a ser el Rey Hombre ascendiendo al trono de Dios en el cielo despu\u00e9s de haber resucitado\". <\/p>\n<!-- \/wp:paragraph -->\n\n<!-- wp:paragraph -->\n<p><strong>El Nuevo Testamento<\/strong> resume de la misma manera la vida de Jes\u00fas, leemos en <strong>Juan 13:3 <\/strong><em>\"Jes\u00fas, sabiendo que el Padre hab\u00eda puesto\u00a0todas las cosas en Sus manos, y que de Dios hab\u00eda salido\u00a0y a Dios volv\u00eda,\"<\/em>; <strong>16:28<\/strong> <em>\"En ese d\u00eda pedir\u00e1n en Mi nombre, y no les digo que Yo rogar\u00e9 al Padre por ustedes,\"<\/em>; <strong>Rom. 1:3-4<\/strong> <em>\"<sup>3\u00a0<\/sup>Es el mensaje\u00a0acerca de Su Hijo, que naci\u00f3 de la descendencia\u00a0de David\u00a0seg\u00fan la carne,\u00a0<sup>4\u00a0<\/sup>y\u00a0que fue declarado Hijo de Dios\u00a0con\u00a0un acto de\u00a0poder, conforme al Esp\u00edritu\u00a0de santidad, por\u00a0la resurrecci\u00f3n de entre los muertos: nuestro Se\u00f1or Jesucristo.\"<\/em>; y <strong>I Timoteo 3:16<\/strong> <em>\"E indiscutiblemente, grande es el misterio\u00a0de la piedad: \u00c9l\u00a0fue manifestado en la carne, Vindicado\u00a0en\u00a0el Esp\u00edritu, Contemplado por \u00e1ngeles, Proclamado entre las naciones, Cre\u00eddo en el mundo, Recibido arriba en gloria.\"<\/em>  <\/p>\n<!-- \/wp:paragraph -->\n\n<!-- wp:paragraph -->\n<p>Incre\u00edblemente el mismo tipo de expresi\u00f3n aparece en <strong>Apocalipsis 1:5, 17-18<\/strong> <em>\"5 y de parte de Jesucristo, el testigo fiel, el primog\u00e9nito de los muertos\u00a0y el soberano de los reyes de la tierra. Al que nos ama\u00a0y nos libert\u00f3\u00a0de nuestros pecados con\u00a0Su sangre,\"<\/em>, <em>\"<sup>17\u00a0<\/sup>Cuando lo vi, ca\u00ed como muerto a Sus pies. Y \u00c9l puso Su mano derecha sobre m\u00ed, diciendo:\u00a0\u00abNo temas, Yo soy el Primero y el \u00daltimo,\u00a0<sup>18\u00a0<\/sup>y el que vive, y estuve muerto. Pero ahora estoy vivo por los siglos de los siglos, y tengo las llaves de la muerte y del Hades.\"<\/em>; y en el <strong>cap\u00edtulo 2:8<\/strong> \"<em>\u00abEscribe al \u00e1ngel de la iglesia en Esmirna\u00a0: \u201c<strong>E<\/strong>l Primero y el \u00daltimo\u00a0, el que estuvo muerto y ha vuelto a la vida\u00a0, dice esto:\" aunque poniendo mas el foco en la muerte y resurrecci\u00f3n de Cristo.\"<\/em><\/p>\n<!-- \/wp:paragraph -->\n\n<!-- wp:paragraph -->\n<p><\/p>\n<!-- \/wp:paragraph -->\n\n<!-- wp:heading {\"level\":5} -->\n<h5 class=\"wp-block-heading\">EL HIJO VAR\u00d3N<\/h5>\n<!-- \/wp:heading -->\n\n<!-- wp:media-text {\"mediaId\":416,\"mediaLink\":\"https:\/\/ministeriosdiaadia.cl\/index.php\/2026\/01\/13\/dia-a-dia-apocalipsis-125-6\/namibia-4965457_1920\/\",\"mediaType\":\"image\"} -->\n<div class=\"wp-block-media-text is-stacked-on-mobile\"><figure class=\"wp-block-media-text__media\"><img src=\"https:\/\/ministeriosdiaadia.cl\/wp-content\/uploads\/2026\/01\/namibia-4965457_1920-683x1024.jpg\" alt=\"\" class=\"wp-image-416 size-full\"\/><\/figure><div class=\"wp-block-media-text__content\"><!-- wp:paragraph {\"placeholder\":\"Contenido\u2026\"} -->\n<p>El Hijo var\u00f3n que nace (que ha de regir a todas las naciones con vara de hierro) es el mismo profetizado en el <strong>Salmo 2:7-9<\/strong>, nuestro amado Se\u00f1or Jes\u00fas, el Hijo de Dios, el Mes\u00edas prometido.<\/p>\n<!-- \/wp:paragraph --><\/div><\/div>\n<!-- \/wp:media-text -->\n\n<!-- wp:spacer {\"height\":\"67px\"} -->\n<div style=\"height:67px\" aria-hidden=\"true\" class=\"wp-block-spacer\"><\/div>\n<!-- \/wp:spacer -->\n\n<!-- wp:heading {\"level\":5} -->\n<h5 class=\"wp-block-heading\">LA INTENCI\u00d3N DESTRUCTIVA DEL DRAG\u00d3N<\/h5>\n<!-- \/wp:heading -->\n\n<!-- wp:paragraph -->\n<p>Todos los esfuerzos del drag\u00f3n, de la serpiente antigua, de Satan\u00e1s, terminaron en la cruz, el mismo punto en el que parec\u00eda que hab\u00eda triunfado en sus malvados planes.<\/p>\n<!-- \/wp:paragraph -->\n\n<!-- wp:paragraph -->\n<p>\u00a1Gloria a Dios!. En lugar de ser destru\u00eddo por el drag\u00f3n, Su Hijo (Cristo) fue arrebatado hasta Dios y hasta Su trono - \u00bfcu\u00e1ndo?\u00a0Cuando resucit\u00f3. Ciertamente es una referencia a su ascensi\u00f3n a la diestra del Padre. Esto es afirmado en Apocalipsis 2:27. Adem\u00e1s, debemos considerar que se describa como \"<em><strong>el hijo var\u00f3n<\/strong><\/em>\" para mostrar que \u00c9l es el cumplimiento del <strong>Salmo 2<\/strong>.<\/p>\n<!-- \/wp:paragraph -->\n\n<!-- wp:spacer {\"height\":\"36px\"} -->\n<div style=\"height:36px\" aria-hidden=\"true\" class=\"wp-block-spacer\"><\/div>\n<!-- \/wp:spacer -->\n\n<!-- wp:media-text {\"mediaId\":417,\"mediaLink\":\"https:\/\/ministeriosdiaadia.cl\/index.php\/2026\/01\/13\/dia-a-dia-apocalipsis-125-6\/freepik__oil-painting-crea-la-imagen-pica-de-una-mujer-huye__11741\/\",\"mediaType\":\"image\"} -->\n<div class=\"wp-block-media-text is-stacked-on-mobile\"><figure class=\"wp-block-media-text__media\"><img src=\"https:\/\/ministeriosdiaadia.cl\/wp-content\/uploads\/2026\/01\/freepik__oil-painting-crea-la-imagen-pica-de-una-mujer-huye__11741.png\" alt=\"\" class=\"wp-image-417 size-full\"\/><\/figure><div class=\"wp-block-media-text__content\"><!-- wp:heading {\"level\":4} -->\n<h4 class=\"wp-block-heading\">LA HU\u00cdDA DE LA MUJER<\/h4>\n<!-- \/wp:heading -->\n\n<!-- wp:paragraph -->\n<p><strong>verso 6<\/strong> <em>\"La mujer huy\u00f3 al desierto, donde ten\u00eda un lugar preparado por Dios, para ser sustentada all\u00ed por 1,260 d\u00edas.\"<\/em><\/p>\n<!-- \/wp:paragraph --><\/div><\/div>\n<!-- \/wp:media-text -->\n\n<!-- wp:spacer {\"height\":\"51px\"} -->\n<div style=\"height:51px\" aria-hidden=\"true\" class=\"wp-block-spacer\"><\/div>\n<!-- \/wp:spacer -->\n\n<!-- wp:paragraph -->\n<p>Tras la liberaci\u00f3n de su hijo, la mujer huye al desierto. Debemos recordar que ella representa a la comunidad del pacto, la iglesia, ya no la del Antiguo Testamento, sino la mesi\u00e1nica, que vive en el tiempo en el que escribe Juan, posterior a la resurrecci\u00f3n y que nos abarca a nosotros tambi\u00e9n, hasta la venida del reino.<\/p>\n<!-- \/wp:paragraph -->\n\n<!-- wp:paragraph -->\n<p>Esta mujer (nosotros) esta ahora en la tierra, y no aparece en el cielo, porque representa al verdadero pueblo de Dios \"en la tierra\".<\/p>\n<!-- \/wp:paragraph -->\n\n<!-- wp:paragraph -->\n<p>La hu\u00edda al desierto alude al momento en que Israel huy\u00f3 de Egipto al desierto y fue protegido y alimentado por Yahv\u00e9 (\u00c9x. 16:32; Dt. 2:7). El mismo patr\u00f3n de huida al desierto se observa en el caso de El\u00edas (I R. 17; 19:3-8) y Mois\u00e9s (\u00c9x. 2:15), que simbolizan la iglesia en Ap. 11:5-6.<\/p>\n<!-- \/wp:paragraph -->\n\n<!-- wp:paragraph -->\n<p>Esta mujer, tambi\u00e9n es una imagen equivalente a la de los dos testigos del cap\u00edtulo 11, ya que ambos sufren en cuerpo pero son protegidos en esp\u00edritu, por el desierto y el santuario respectivamente.<\/p>\n<!-- \/wp:paragraph -->\n\n<!-- wp:paragraph -->\n<p>Los 1260 d\u00edas - es el tiempo de tribulaci\u00f3n predicho por Daniel 7:25 y 12:7, que comienza con la ascensi\u00f3n de Cristo y contin\u00faa hasta el d\u00eda de hoy hasta que Cristo regrese a consumar su reino.<\/p>\n<!-- \/wp:paragraph -->\n\n<!-- wp:spacer -->\n<div style=\"height:100px\" aria-hidden=\"true\" class=\"wp-block-spacer\"><\/div>\n<!-- \/wp:spacer -->\n\n<!-- wp:media-text {\"mediaId\":421,\"mediaLink\":\"https:\/\/ministeriosdiaadia.cl\/index.php\/2026\/01\/13\/dia-a-dia-apocalipsis-125-6\/an-illustration-of-a-man-and-woman-sitting-together-deeply-enga-2\/\",\"mediaType\":\"image\"} -->\n<div class=\"wp-block-media-text is-stacked-on-mobile\"><figure class=\"wp-block-media-text__media\"><img src=\"https:\/\/ministeriosdiaadia.cl\/wp-content\/uploads\/2026\/01\/illustration-man-woman-sitting-together-deeply-engaged-reading-books-surrounded-by-cozy-environment-filled-with-shelves-literature-shared-love-reading-as-hobby-1-1024x683.jpg\" alt=\"\" class=\"wp-image-421 size-full\"\/><\/figure><div class=\"wp-block-media-text__content\"><!-- wp:heading {\"level\":1} -->\n<h1 class=\"wp-block-heading\">REFLEXIONEMOS<\/h1>\n<!-- \/wp:heading --><\/div><\/div>\n<!-- \/wp:media-text -->\n\n<!-- wp:spacer {\"height\":\"61px\"} -->\n<div style=\"height:61px\" aria-hidden=\"true\" class=\"wp-block-spacer\"><\/div>\n<!-- \/wp:spacer -->\n\n<!-- wp:paragraph -->\n<p>De la misma manera que la iglesia del AT y que Cristo tuvieron que atravesar primero por el desierto para luego llegar a su destino, nosotros tambi\u00e9n temporalmente estamos atravesando por un desierto, por un valle de sombra y de muerte, por la tribulaci\u00f3n, hasta que venga Cristo y toda maldad, pecado y enfermedad acaben, de la misma manera que Dios acabar\u00e1 y juzgar\u00e1 a todos sus enemigos en el Juicio Final.<\/p>\n<!-- \/wp:paragraph -->\n\n<!-- wp:paragraph -->\n<p><\/p>\n<!-- \/wp:paragraph -->\n\n<!-- wp:heading {\"level\":5} -->\n<h5 class=\"wp-block-heading\">\u00bfEST\u00c1S ATRAVESANDO POR ALG\u00daN VALLE DE SOMBRA Y DE MUERTE?<\/h5>\n<!-- \/wp:heading -->\n\n<!-- wp:paragraph -->\n<p>Lee el Salmo 23:4 y:<\/p>\n<!-- \/wp:paragraph -->\n\n<!-- wp:paragraph -->\n<p><\/p>\n<!-- \/wp:paragraph -->\n\n<!-- wp:list -->\n<ul class=\"wp-block-list\"><!-- wp:list-item -->\n<li>Analiza en los comentarios de este post como fue que el salmista logro tener paz y calma en medio de su valle de sombra y muerte, \u00bffue porque Dios quit\u00f3 su prueba y aflicci\u00f3n, o por otra raz\u00f3n mas importante? COM\u00c9NTANOS.<\/li>\n<!-- \/wp:list-item -->\n\n<!-- wp:list-item -->\n<li>Recuerda que el temor es algo que puedes controlar, puesto que el Se\u00f1or te ha dado todas las herramientas para hacerlo. La mente y el coraz\u00f3n deben ser movidos a tener paz y abandonar el c\u00f3modo estado del miedo y el temor -\"No temer\u00e9 mal alguno\" -declara el salmista<\/li>\n<!-- \/wp:list-item --><\/ul>\n<!-- \/wp:list -->\n\n<!-- wp:paragraph -->\n<p>A pesar de que, atravesamos esta leve tribulaci\u00f3n, debemos recordar que nuestras almas y su destino eterno est\u00e1n siendo protegidos por el Se\u00f1or, que pueden acabar con nuestro cuerpo pero jam\u00e1s con nuestra alma- el mismo Se\u00f1or prometi\u00f3 antes de irse que estar\u00eda con nosotros <em>\"todos los d\u00edas hasta el fin del mundo\"<\/em>. Am\u00e9n<\/p>\n<!-- \/wp:paragraph -->","_et_gb_content_width":"","_monsterinsights_skip_tracking":false,"footnotes":""},"categories":[4,3],"tags":[],"class_list":["post-405","post","type-post","status-publish","format-standard","has-post-thumbnail","hentry","category-apocalipsis","category-dia-a-dia"],"aioseo_notices":[],"aioseo_head":"\n\t\t<!-- All in One SEO 5.0.1.1 - aioseo.com -->\n\t<meta name=\"description\" content=\"Verso 5 - &quot;Y ella dio a luz un Hijo var\u00f3n, que ha de regir a todas las naciones con vara de hierro. Su Hijo fue arrebatado hasta Dios y hasta Su trono.&quot; \u00bfQU\u00c9 REPRESENTAN ESTOS DOS VERS\u00cdCULOS? Estos versos son un resumen de toda la vida de Cristo -&quot;Su nacimiento, su destino a ser\" \/>\n\t<meta name=\"robots\" content=\"max-image-preview:large\" \/>\n\t<meta name=\"author\" content=\"Pastor Carlos\"\/>\n\t<link rel=\"canonical\" href=\"https:\/\/ministeriosdiaadia.cl\/index.php\/2026\/01\/13\/dia-a-dia-apocalipsis-125-6\/\" \/>\n\t<meta name=\"generator\" content=\"All in One SEO (AIOSEO) 5.0.1.1\" \/>\n\t\t<meta property=\"og:locale\" content=\"es_ES\" \/>\n\t\t<meta property=\"og:site_name\" content=\"MINISTERIOS DIA A DIA - Un ministerio de acompa\u00f1amiento espiritual\" \/>\n\t\t<meta property=\"og:type\" content=\"article\" \/>\n\t\t<meta property=\"og:title\" content=\"D\u00cdA A D\u00cdA: APOCALIPSIS 12:5-6 - MINISTERIOS DIA A DIA\" \/>\n\t\t<meta property=\"og:description\" content=\"Verso 5 - &quot;Y ella dio a luz un Hijo var\u00f3n, que ha de regir a todas las naciones con vara de hierro. Su Hijo fue arrebatado hasta Dios y hasta Su trono.&quot; \u00bfQU\u00c9 REPRESENTAN ESTOS DOS VERS\u00cdCULOS? Estos versos son un resumen de toda la vida de Cristo -&quot;Su nacimiento, su destino a ser\" \/>\n\t\t<meta property=\"og:url\" content=\"https:\/\/ministeriosdiaadia.cl\/index.php\/2026\/01\/13\/dia-a-dia-apocalipsis-125-6\/\" \/>\n\t\t<meta property=\"article:published_time\" content=\"2026-01-13T01:49:26+00:00\" \/>\n\t\t<meta property=\"article:modified_time\" content=\"2026-01-13T20:17:53+00:00\" \/>\n\t\t<meta name=\"twitter:card\" content=\"summary_large_image\" \/>\n\t\t<meta name=\"twitter:title\" content=\"D\u00cdA A D\u00cdA: APOCALIPSIS 12:5-6 - MINISTERIOS DIA A DIA\" \/>\n\t\t<meta name=\"twitter:description\" content=\"Verso 5 - &quot;Y ella dio a luz un Hijo var\u00f3n, que ha de regir a todas las naciones con vara de hierro. Su Hijo fue arrebatado hasta Dios y hasta Su trono.&quot; \u00bfQU\u00c9 REPRESENTAN ESTOS DOS VERS\u00cdCULOS? Estos versos son un resumen de toda la vida de Cristo -&quot;Su nacimiento, su destino a ser\" \/>\n\t\t<script type=\"application\/ld+json\" class=\"aioseo-schema\">\n\t\t\t{\"@context\":\"https:\\\/\\\/schema.org\",\"@graph\":[{\"@type\":\"BlogPosting\",\"@id\":\"https:\\\/\\\/ministeriosdiaadia.cl\\\/index.php\\\/2026\\\/01\\\/13\\\/dia-a-dia-apocalipsis-125-6\\\/#blogposting\",\"name\":\"D\\u00cdA A D\\u00cdA: APOCALIPSIS 12:5-6 - MINISTERIOS DIA A DIA\",\"headline\":\"D\\u00cdA A D\\u00cdA: APOCALIPSIS 12:5-6\",\"author\":{\"@id\":\"https:\\\/\\\/ministeriosdiaadia.cl\\\/index.php\\\/author\\\/admin_85kkxhyd\\\/#author\"},\"publisher\":{\"@id\":\"https:\\\/\\\/ministeriosdiaadia.cl\\\/#organization\"},\"image\":{\"@type\":\"ImageObject\",\"url\":\"https:\\\/\\\/ministeriosdiaadia.cl\\\/wp-content\\\/uploads\\\/2026\\\/01\\\/IMAGEN-DESTACADA-2.jpg\",\"width\":1200,\"height\":628,\"caption\":\"12 ID 1\"},\"datePublished\":\"2026-01-13T01:49:26-03:00\",\"dateModified\":\"2026-01-13T17:17:53-03:00\",\"inLanguage\":\"es-ES\",\"commentCount\":2,\"mainEntityOfPage\":{\"@id\":\"https:\\\/\\\/ministeriosdiaadia.cl\\\/index.php\\\/2026\\\/01\\\/13\\\/dia-a-dia-apocalipsis-125-6\\\/#webpage\"},\"isPartOf\":{\"@id\":\"https:\\\/\\\/ministeriosdiaadia.cl\\\/index.php\\\/2026\\\/01\\\/13\\\/dia-a-dia-apocalipsis-125-6\\\/#webpage\"},\"articleSection\":\"APOCALIPSIS, D\\u00cdA A D\\u00cdA\"},{\"@type\":\"BreadcrumbList\",\"@id\":\"https:\\\/\\\/ministeriosdiaadia.cl\\\/index.php\\\/2026\\\/01\\\/13\\\/dia-a-dia-apocalipsis-125-6\\\/#breadcrumblist\",\"itemListElement\":[{\"@type\":\"ListItem\",\"@id\":\"https:\\\/\\\/ministeriosdiaadia.cl#listItem\",\"position\":1,\"name\":\"Home\",\"item\":\"https:\\\/\\\/ministeriosdiaadia.cl\",\"nextItem\":{\"@type\":\"ListItem\",\"@id\":\"https:\\\/\\\/ministeriosdiaadia.cl\\\/index.php\\\/category\\\/dia-a-dia\\\/#listItem\",\"name\":\"D\\u00cdA A D\\u00cdA\"}},{\"@type\":\"ListItem\",\"@id\":\"https:\\\/\\\/ministeriosdiaadia.cl\\\/index.php\\\/category\\\/dia-a-dia\\\/#listItem\",\"position\":2,\"name\":\"D\\u00cdA A D\\u00cdA\",\"item\":\"https:\\\/\\\/ministeriosdiaadia.cl\\\/index.php\\\/category\\\/dia-a-dia\\\/\",\"nextItem\":{\"@type\":\"ListItem\",\"@id\":\"https:\\\/\\\/ministeriosdiaadia.cl\\\/index.php\\\/category\\\/dia-a-dia\\\/apocalipsis\\\/#listItem\",\"name\":\"APOCALIPSIS\"},\"previousItem\":{\"@type\":\"ListItem\",\"@id\":\"https:\\\/\\\/ministeriosdiaadia.cl#listItem\",\"name\":\"Home\"}},{\"@type\":\"ListItem\",\"@id\":\"https:\\\/\\\/ministeriosdiaadia.cl\\\/index.php\\\/category\\\/dia-a-dia\\\/apocalipsis\\\/#listItem\",\"position\":3,\"name\":\"APOCALIPSIS\",\"item\":\"https:\\\/\\\/ministeriosdiaadia.cl\\\/index.php\\\/category\\\/dia-a-dia\\\/apocalipsis\\\/\",\"nextItem\":{\"@type\":\"ListItem\",\"@id\":\"https:\\\/\\\/ministeriosdiaadia.cl\\\/index.php\\\/2026\\\/01\\\/13\\\/dia-a-dia-apocalipsis-125-6\\\/#listItem\",\"name\":\"D\\u00cdA A D\\u00cdA: APOCALIPSIS 12:5-6\"},\"previousItem\":{\"@type\":\"ListItem\",\"@id\":\"https:\\\/\\\/ministeriosdiaadia.cl\\\/index.php\\\/category\\\/dia-a-dia\\\/#listItem\",\"name\":\"D\\u00cdA A D\\u00cdA\"}},{\"@type\":\"ListItem\",\"@id\":\"https:\\\/\\\/ministeriosdiaadia.cl\\\/index.php\\\/2026\\\/01\\\/13\\\/dia-a-dia-apocalipsis-125-6\\\/#listItem\",\"position\":4,\"name\":\"D\\u00cdA A D\\u00cdA: APOCALIPSIS 12:5-6\",\"previousItem\":{\"@type\":\"ListItem\",\"@id\":\"https:\\\/\\\/ministeriosdiaadia.cl\\\/index.php\\\/category\\\/dia-a-dia\\\/apocalipsis\\\/#listItem\",\"name\":\"APOCALIPSIS\"}}]},{\"@type\":\"Organization\",\"@id\":\"https:\\\/\\\/ministeriosdiaadia.cl\\\/#organization\",\"name\":\"MINISTERIOS DIA A DIA\",\"description\":\"Un ministerio de acompa\\u00f1amiento espiritual\",\"url\":\"https:\\\/\\\/ministeriosdiaadia.cl\\\/\"},{\"@type\":\"Person\",\"@id\":\"https:\\\/\\\/ministeriosdiaadia.cl\\\/index.php\\\/author\\\/admin_85kkxhyd\\\/#author\",\"url\":\"https:\\\/\\\/ministeriosdiaadia.cl\\\/index.php\\\/author\\\/admin_85kkxhyd\\\/\",\"name\":\"Pastor Carlos\",\"image\":{\"@type\":\"ImageObject\",\"@id\":\"https:\\\/\\\/ministeriosdiaadia.cl\\\/index.php\\\/2026\\\/01\\\/13\\\/dia-a-dia-apocalipsis-125-6\\\/#authorImage\",\"url\":\"https:\\\/\\\/secure.gravatar.com\\\/avatar\\\/26b5f8890c89288a41e21f7e879ead6e0151f5ffae28bf22debe6e84cf0942f4?s=96&d=mm&r=g\",\"width\":96,\"height\":96,\"caption\":\"Pastor Carlos\"}},{\"@type\":\"WebPage\",\"@id\":\"https:\\\/\\\/ministeriosdiaadia.cl\\\/index.php\\\/2026\\\/01\\\/13\\\/dia-a-dia-apocalipsis-125-6\\\/#webpage\",\"url\":\"https:\\\/\\\/ministeriosdiaadia.cl\\\/index.php\\\/2026\\\/01\\\/13\\\/dia-a-dia-apocalipsis-125-6\\\/\",\"name\":\"D\\u00cdA A D\\u00cdA: APOCALIPSIS 12:5-6 - MINISTERIOS DIA A DIA\",\"description\":\"Verso 5 - \\\"Y ella dio a luz un Hijo var\\u00f3n, que ha de regir a todas las naciones con vara de hierro. Su Hijo fue arrebatado hasta Dios y hasta Su trono.\\\" \\u00bfQU\\u00c9 REPRESENTAN ESTOS DOS VERS\\u00cdCULOS? Estos versos son un resumen de toda la vida de Cristo -\\\"Su nacimiento, su destino a ser\",\"inLanguage\":\"es-ES\",\"isPartOf\":{\"@id\":\"https:\\\/\\\/ministeriosdiaadia.cl\\\/#website\"},\"breadcrumb\":{\"@id\":\"https:\\\/\\\/ministeriosdiaadia.cl\\\/index.php\\\/2026\\\/01\\\/13\\\/dia-a-dia-apocalipsis-125-6\\\/#breadcrumblist\"},\"author\":{\"@id\":\"https:\\\/\\\/ministeriosdiaadia.cl\\\/index.php\\\/author\\\/admin_85kkxhyd\\\/#author\"},\"creator\":{\"@id\":\"https:\\\/\\\/ministeriosdiaadia.cl\\\/index.php\\\/author\\\/admin_85kkxhyd\\\/#author\"},\"image\":{\"@type\":\"ImageObject\",\"url\":\"https:\\\/\\\/ministeriosdiaadia.cl\\\/wp-content\\\/uploads\\\/2026\\\/01\\\/IMAGEN-DESTACADA-2.jpg\",\"@id\":\"https:\\\/\\\/ministeriosdiaadia.cl\\\/index.php\\\/2026\\\/01\\\/13\\\/dia-a-dia-apocalipsis-125-6\\\/#mainImage\",\"width\":1200,\"height\":628,\"caption\":\"12 ID 1\"},\"primaryImageOfPage\":{\"@id\":\"https:\\\/\\\/ministeriosdiaadia.cl\\\/index.php\\\/2026\\\/01\\\/13\\\/dia-a-dia-apocalipsis-125-6\\\/#mainImage\"},\"datePublished\":\"2026-01-13T01:49:26-03:00\",\"dateModified\":\"2026-01-13T17:17:53-03:00\"},{\"@type\":\"WebSite\",\"@id\":\"https:\\\/\\\/ministeriosdiaadia.cl\\\/#website\",\"url\":\"https:\\\/\\\/ministeriosdiaadia.cl\\\/\",\"name\":\"MINISTERIOS DIA A DIA\",\"description\":\"Un ministerio de acompa\\u00f1amiento espiritual\",\"inLanguage\":\"es-ES\",\"publisher\":{\"@id\":\"https:\\\/\\\/ministeriosdiaadia.cl\\\/#organization\"}}]}\n\t\t<\/script>\n\t\t<!-- All in One SEO -->\n\n","aioseo_head_json":{"title":"D\u00cdA A D\u00cdA: APOCALIPSIS 12:5-6 - MINISTERIOS DIA A DIA","description":"Verso 5 - \"Y ella dio a luz un Hijo var\u00f3n, que ha de regir a todas las naciones con vara de hierro. Su Hijo fue arrebatado hasta Dios y hasta Su trono.\" \u00bfQU\u00c9 REPRESENTAN ESTOS DOS VERS\u00cdCULOS? Estos versos son un resumen de toda la vida de Cristo -\"Su nacimiento, su destino a ser","canonical_url":"https:\/\/ministeriosdiaadia.cl\/index.php\/2026\/01\/13\/dia-a-dia-apocalipsis-125-6\/","robots":"max-image-preview:large","keywords":"","webmasterTools":{"miscellaneous":""},"schema":{"@context":"https:\/\/schema.org","@graph":[{"@type":"BlogPosting","@id":"https:\/\/ministeriosdiaadia.cl\/index.php\/2026\/01\/13\/dia-a-dia-apocalipsis-125-6\/#blogposting","name":"D\u00cdA A D\u00cdA: APOCALIPSIS 12:5-6 - MINISTERIOS DIA A DIA","headline":"D\u00cdA A D\u00cdA: APOCALIPSIS 12:5-6","author":{"@id":"https:\/\/ministeriosdiaadia.cl\/index.php\/author\/admin_85kkxhyd\/#author"},"publisher":{"@id":"https:\/\/ministeriosdiaadia.cl\/#organization"},"image":{"@type":"ImageObject","url":"https:\/\/ministeriosdiaadia.cl\/wp-content\/uploads\/2026\/01\/IMAGEN-DESTACADA-2.jpg","width":1200,"height":628,"caption":"12 ID 1"},"datePublished":"2026-01-13T01:49:26-03:00","dateModified":"2026-01-13T17:17:53-03:00","inLanguage":"es-ES","commentCount":2,"mainEntityOfPage":{"@id":"https:\/\/ministeriosdiaadia.cl\/index.php\/2026\/01\/13\/dia-a-dia-apocalipsis-125-6\/#webpage"},"isPartOf":{"@id":"https:\/\/ministeriosdiaadia.cl\/index.php\/2026\/01\/13\/dia-a-dia-apocalipsis-125-6\/#webpage"},"articleSection":"APOCALIPSIS, D\u00cdA A D\u00cdA"},{"@type":"BreadcrumbList","@id":"https:\/\/ministeriosdiaadia.cl\/index.php\/2026\/01\/13\/dia-a-dia-apocalipsis-125-6\/#breadcrumblist","itemListElement":[{"@type":"ListItem","@id":"https:\/\/ministeriosdiaadia.cl#listItem","position":1,"name":"Home","item":"https:\/\/ministeriosdiaadia.cl","nextItem":{"@type":"ListItem","@id":"https:\/\/ministeriosdiaadia.cl\/index.php\/category\/dia-a-dia\/#listItem","name":"D\u00cdA A D\u00cdA"}},{"@type":"ListItem","@id":"https:\/\/ministeriosdiaadia.cl\/index.php\/category\/dia-a-dia\/#listItem","position":2,"name":"D\u00cdA A D\u00cdA","item":"https:\/\/ministeriosdiaadia.cl\/index.php\/category\/dia-a-dia\/","nextItem":{"@type":"ListItem","@id":"https:\/\/ministeriosdiaadia.cl\/index.php\/category\/dia-a-dia\/apocalipsis\/#listItem","name":"APOCALIPSIS"},"previousItem":{"@type":"ListItem","@id":"https:\/\/ministeriosdiaadia.cl#listItem","name":"Home"}},{"@type":"ListItem","@id":"https:\/\/ministeriosdiaadia.cl\/index.php\/category\/dia-a-dia\/apocalipsis\/#listItem","position":3,"name":"APOCALIPSIS","item":"https:\/\/ministeriosdiaadia.cl\/index.php\/category\/dia-a-dia\/apocalipsis\/","nextItem":{"@type":"ListItem","@id":"https:\/\/ministeriosdiaadia.cl\/index.php\/2026\/01\/13\/dia-a-dia-apocalipsis-125-6\/#listItem","name":"D\u00cdA A D\u00cdA: APOCALIPSIS 12:5-6"},"previousItem":{"@type":"ListItem","@id":"https:\/\/ministeriosdiaadia.cl\/index.php\/category\/dia-a-dia\/#listItem","name":"D\u00cdA A D\u00cdA"}},{"@type":"ListItem","@id":"https:\/\/ministeriosdiaadia.cl\/index.php\/2026\/01\/13\/dia-a-dia-apocalipsis-125-6\/#listItem","position":4,"name":"D\u00cdA A D\u00cdA: APOCALIPSIS 12:5-6","previousItem":{"@type":"ListItem","@id":"https:\/\/ministeriosdiaadia.cl\/index.php\/category\/dia-a-dia\/apocalipsis\/#listItem","name":"APOCALIPSIS"}}]},{"@type":"Organization","@id":"https:\/\/ministeriosdiaadia.cl\/#organization","name":"MINISTERIOS DIA A DIA","description":"Un ministerio de acompa\u00f1amiento espiritual","url":"https:\/\/ministeriosdiaadia.cl\/"},{"@type":"Person","@id":"https:\/\/ministeriosdiaadia.cl\/index.php\/author\/admin_85kkxhyd\/#author","url":"https:\/\/ministeriosdiaadia.cl\/index.php\/author\/admin_85kkxhyd\/","name":"Pastor Carlos","image":{"@type":"ImageObject","@id":"https:\/\/ministeriosdiaadia.cl\/index.php\/2026\/01\/13\/dia-a-dia-apocalipsis-125-6\/#authorImage","url":"https:\/\/secure.gravatar.com\/avatar\/26b5f8890c89288a41e21f7e879ead6e0151f5ffae28bf22debe6e84cf0942f4?s=96&d=mm&r=g","width":96,"height":96,"caption":"Pastor Carlos"}},{"@type":"WebPage","@id":"https:\/\/ministeriosdiaadia.cl\/index.php\/2026\/01\/13\/dia-a-dia-apocalipsis-125-6\/#webpage","url":"https:\/\/ministeriosdiaadia.cl\/index.php\/2026\/01\/13\/dia-a-dia-apocalipsis-125-6\/","name":"D\u00cdA A D\u00cdA: APOCALIPSIS 12:5-6 - MINISTERIOS DIA A DIA","description":"Verso 5 - \"Y ella dio a luz un Hijo var\u00f3n, que ha de regir a todas las naciones con vara de hierro. Su Hijo fue arrebatado hasta Dios y hasta Su trono.\" \u00bfQU\u00c9 REPRESENTAN ESTOS DOS VERS\u00cdCULOS? Estos versos son un resumen de toda la vida de Cristo -\"Su nacimiento, su destino a ser","inLanguage":"es-ES","isPartOf":{"@id":"https:\/\/ministeriosdiaadia.cl\/#website"},"breadcrumb":{"@id":"https:\/\/ministeriosdiaadia.cl\/index.php\/2026\/01\/13\/dia-a-dia-apocalipsis-125-6\/#breadcrumblist"},"author":{"@id":"https:\/\/ministeriosdiaadia.cl\/index.php\/author\/admin_85kkxhyd\/#author"},"creator":{"@id":"https:\/\/ministeriosdiaadia.cl\/index.php\/author\/admin_85kkxhyd\/#author"},"image":{"@type":"ImageObject","url":"https:\/\/ministeriosdiaadia.cl\/wp-content\/uploads\/2026\/01\/IMAGEN-DESTACADA-2.jpg","@id":"https:\/\/ministeriosdiaadia.cl\/index.php\/2026\/01\/13\/dia-a-dia-apocalipsis-125-6\/#mainImage","width":1200,"height":628,"caption":"12 ID 1"},"primaryImageOfPage":{"@id":"https:\/\/ministeriosdiaadia.cl\/index.php\/2026\/01\/13\/dia-a-dia-apocalipsis-125-6\/#mainImage"},"datePublished":"2026-01-13T01:49:26-03:00","dateModified":"2026-01-13T17:17:53-03:00"},{"@type":"WebSite","@id":"https:\/\/ministeriosdiaadia.cl\/#website","url":"https:\/\/ministeriosdiaadia.cl\/","name":"MINISTERIOS DIA A DIA","description":"Un ministerio de acompa\u00f1amiento espiritual","inLanguage":"es-ES","publisher":{"@id":"https:\/\/ministeriosdiaadia.cl\/#organization"}}]},"og:locale":"es_ES","og:site_name":"MINISTERIOS DIA A DIA - Un ministerio de acompa\u00f1amiento espiritual","og:type":"article","og:title":"D\u00cdA A D\u00cdA: APOCALIPSIS 12:5-6 - MINISTERIOS DIA A DIA","og:description":"Verso 5 - &quot;Y ella dio a luz un Hijo var\u00f3n, que ha de regir a todas las naciones con vara de hierro. Su Hijo fue arrebatado hasta Dios y hasta Su trono.&quot; \u00bfQU\u00c9 REPRESENTAN ESTOS DOS VERS\u00cdCULOS? Estos versos son un resumen de toda la vida de Cristo -&quot;Su nacimiento, su destino a ser","og:url":"https:\/\/ministeriosdiaadia.cl\/index.php\/2026\/01\/13\/dia-a-dia-apocalipsis-125-6\/","article:published_time":"2026-01-13T01:49:26+00:00","article:modified_time":"2026-01-13T20:17:53+00:00","twitter:card":"summary_large_image","twitter:title":"D\u00cdA A D\u00cdA: APOCALIPSIS 12:5-6 - MINISTERIOS DIA A DIA","twitter:description":"Verso 5 - &quot;Y ella dio a luz un Hijo var\u00f3n, que ha de regir a todas las naciones con vara de hierro. Su Hijo fue arrebatado hasta Dios y hasta Su trono.&quot; \u00bfQU\u00c9 REPRESENTAN ESTOS DOS VERS\u00cdCULOS? Estos versos son un resumen de toda la vida de Cristo -&quot;Su nacimiento, su destino a ser"},"aioseo_meta_data":{"post_id":"405","title":null,"description":null,"keywords":null,"keyphrases":null,"focus_keyword":null,"additional_keywords":null,"truseo_locale":null,"primary_term":null,"canonical_url":null,"og_title":null,"og_description":null,"og_object_type":"default","og_image_type":"default","og_image_custom_url":null,"og_image_custom_fields":null,"og_image_url":null,"og_image_width":null,"og_image_height":null,"og_video":null,"og_custom_url":null,"og_article_section":null,"og_article_tags":null,"twitter_use_og":false,"twitter_card":"default","twitter_image_type":"default","twitter_image_custom_url":null,"twitter_image_custom_fields":null,"twitter_image_url":null,"twitter_title":null,"twitter_description":null,"schema_type":"default","schema_type_options":null,"schema":{"blockGraphs":[],"customGraphs":[],"default":{"data":{"Article":[],"Course":[],"Dataset":[],"FAQPage":[],"Movie":[],"Person":[],"Product":[],"ProductReview":[],"Car":[],"Recipe":[],"Service":[],"SoftwareApplication":[],"WebPage":[]},"graphName":"","isEnabled":true},"graphs":[]},"pillar_content":false,"robots_default":true,"robots_noindex":false,"robots_noarchive":false,"robots_nosnippet":false,"robots_nofollow":false,"robots_noimageindex":false,"robots_noodp":false,"robots_notranslate":false,"robots_max_snippet":null,"robots_max_videopreview":null,"robots_max_imagepreview":"large","priority":null,"frequency":null,"local_seo":null,"limit_modified_date":false,"ai":null,"breadcrumb_settings":null,"seo_analyzer_scan_date":null,"created":"2026-08-20 02:53:25","updated":"2026-08-20 02:53:25"},"aioseo_breadcrumb":"<div class=\"aioseo-breadcrumbs\"><span class=\"aioseo-breadcrumb\">\n\t\t\t<a href=\"https:\/\/ministeriosdiaadia.cl\" title=\"Home\">Home<\/a>\n\t\t<\/span><span class=\"aioseo-breadcrumb-separator\">&raquo;<\/span><span class=\"aioseo-breadcrumb\">\n\t\t\t<a href=\"https:\/\/ministeriosdiaadia.cl\/index.php\/category\/dia-a-dia\/\" title=\"D\u00cdA A D\u00cdA\">D\u00cdA A D\u00cdA<\/a>\n\t\t<\/span><span class=\"aioseo-breadcrumb-separator\">&raquo;<\/span><span class=\"aioseo-breadcrumb\">\n\t\t\t<a href=\"https:\/\/ministeriosdiaadia.cl\/index.php\/category\/dia-a-dia\/apocalipsis\/\" title=\"APOCALIPSIS\">APOCALIPSIS<\/a>\n\t\t<\/span><span class=\"aioseo-breadcrumb-separator\">&raquo;<\/span><span class=\"aioseo-breadcrumb\">\n\t\t\tD\u00cdA A D\u00cdA: APOCALIPSIS 12:5-6\n\t\t<\/span><\/div>","aioseo_breadcrumb_json":[{"label":"Home","link":"https:\/\/ministeriosdiaadia.cl"},{"label":"D\u00cdA A D\u00cdA","link":"https:\/\/ministeriosdiaadia.cl\/index.php\/category\/dia-a-dia\/"},{"label":"APOCALIPSIS","link":"https:\/\/ministeriosdiaadia.cl\/index.php\/category\/dia-a-dia\/apocalipsis\/"},{"label":"D\u00cdA A D\u00cdA: APOCALIPSIS 12:5-6","link":"https:\/\/ministeriosdiaadia.cl\/index.php\/2026\/01\/13\/dia-a-dia-apocalipsis-125-6\/"}],"_links":{"self":[{"href":"https:\/\/ministeriosdiaadia.cl\/index.php\/wp-json\/wp\/v2\/posts\/405","targetHints":{"allow":["GET"]}}],"collection":[{"href":"https:\/\/ministeriosdiaadia.cl\/index.php\/wp-json\/wp\/v2\/posts"}],"about":[{"href":"https:\/\/ministeriosdiaadia.cl\/index.php\/wp-json\/wp\/v2\/types\/post"}],"author":[{"embeddable":true,"href":"https:\/\/ministeriosdiaadia.cl\/index.php\/wp-json\/wp\/v2\/users\/1"}],"replies":[{"embeddable":true,"href":"https:\/\/ministeriosdiaadia.cl\/index.php\/wp-json\/wp\/v2\/comments?post=405"}],"version-history":[{"count":15,"href":"https:\/\/ministeriosdiaadia.cl\/index.php\/wp-json\/wp\/v2\/posts\/405\/revisions"}],"predecessor-version":[{"id":436,"href":"https:\/\/ministeriosdiaadia.cl\/index.php\/wp-json\/wp\/v2\/posts\/405\/revisions\/436"}],"wp:featuredmedia":[{"embeddable":true,"href":"https:\/\/ministeriosdiaadia.cl\/index.php\/wp-json\/wp\/v2\/media\/257"}],"wp:attachment":[{"href":"https:\/\/ministeriosdiaadia.cl\/index.php\/wp-json\/wp\/v2\/media?parent=405"}],"wp:term":[{"taxonomy":"category","embeddable":true,"href":"https:\/\/ministeriosdiaadia.cl\/index.php\/wp-json\/wp\/v2\/categories?post=405"},{"taxonomy":"post_tag","embeddable":true,"href":"https:\/\/ministeriosdiaadia.cl\/index.php\/wp-json\/wp\/v2\/tags?post=405"}],"curies":[{"name":"wp","href":"https:\/\/api.w.org\/{rel}","templated":true}]}}