{"id":301,"date":"2026-01-08T17:01:08","date_gmt":"2026-01-08T17:01:08","guid":{"rendered":"https:\/\/ministeriosdiaadia.cl\/?p=301"},"modified":"2026-01-13T15:18:31","modified_gmt":"2026-01-13T15:18:31","slug":"dia-a-dia-apocalipsis-124","status":"publish","type":"post","link":"https:\/\/ministeriosdiaadia.cl\/index.php\/2026\/01\/08\/dia-a-dia-apocalipsis-124\/","title":{"rendered":"D\u00cdA A D\u00cdA: APOCALIPSIS 12:4"},"content":{"rendered":"[et_pb_section admin_label=\u00bbsection\u00bb]\n\t\t\t[et_pb_row admin_label=\u00bbrow\u00bb]\n\t\t\t\t[et_pb_column type=\u00bb4_4&#8243;][et_pb_text admin_label=\u00bbText\u00bb]\n<p class=\"wp-block-paragraph\"><em><sup>\u00ab4&nbsp;<\/sup>Su cola arrastr\u00f3* la tercera parte de las estrellas del cielo&nbsp;y las arroj\u00f3 sobre la tierra. Y el drag\u00f3n&nbsp;se par\u00f3 delante de la mujer que estaba para dar a luz, a fin de devorar a su hijo&nbsp;cuando ella diera a luz.\u00bb<\/em><\/p>\n\n\n\n<div style=\"height:33px\" aria-hidden=\"true\" class=\"wp-block-spacer\"><\/div>\n\n\n\n<h3 class=\"wp-block-heading\">\u00bfQU\u00c9 REPRESENTAN LAS ESTRELLAS QUE CAEN?<\/h3>\n\n\n\n<p class=\"wp-block-paragraph\">Tal y como lo hemos venido hablando, todas las figuras y modelos han sido sacados en su gran mayor\u00eda del libro de \u00c9xodo y de Daniel, y en este verso en especial de Daniel 8:10, sin dejar de mencionar los versos 3 y 24 &#8211; <\/p>\n\n\n\n<div style=\"height:19px\" aria-hidden=\"true\" class=\"wp-block-spacer\"><\/div>\n\n\n\n<figure class=\"wp-block-pullquote has-small-font-size\"><blockquote><p><sup>3&nbsp;<\/sup>Alc\u00e9, pues, mis ojos y mir\u00e9 que un carnero estaba delante del r\u00edo. Ten\u00eda dos cuernos, y los dos cuernos&nbsp;<em>eran<\/em>&nbsp;altos, pero uno&nbsp;<em>era<\/em>&nbsp;m\u00e1s alto que el otro, y el m\u00e1s alto creci\u00f3&nbsp;al \u00faltimo.<br><sup>10&nbsp;<\/sup>Creci\u00f3 hasta el ej\u00e9rcito del cielo, e hizo caer a la tierra&nbsp;<em>parte<\/em>&nbsp;del ej\u00e9rcito y de las estrellas, y las pisote\u00f3.<br><strong>24<\/strong>-\u00bbSu poder ser\u00e1 grande, pero no por su&nbsp;<em>propio<\/em>&nbsp;poder;<br>Destruir\u00e1&nbsp;en forma extraordinaria,<br>Prosperar\u00e1 y har\u00e1&nbsp;<em>su voluntad.<\/em><br>Destruir\u00e1&nbsp;a los poderosos y al pueblo santo.<\/p><\/blockquote><\/figure>\n\n\n\n<div style=\"height:32px\" aria-hidden=\"true\" class=\"wp-block-spacer\"><\/div>\n\n\n\n<p class=\"wp-block-paragraph\">Daniel 8:10 nos dice que el enemigo de Dios de los \u00faltimos tiempos arrojar\u00e1 a la tierra algunas estrellas, las que se identifican como el pueblo santo en el 8:24. Debemos decir que, en otros lugares tambi\u00e9n pueden representar a los \u00e1ngeles del reino de Dios, sin embargo, considerando Daniel 12:3, las estrellas pueden representar a \u00ablos santos israelitas\u00bb, pues los justos son comparados con \u00abel resplandor del firmamento &#8230; como las estrellas, por toda la eternidad\u00bb &#8211; tambi\u00e9n, si desean pueden comparar Daniel 12:3 con Mateo 13:43; cifrado (cf.) con Gn. 15:5 y 22:17.<\/p>\n\n\n\n<p class=\"wp-block-paragraph\"><strong>Daniel 8:11<\/strong>, \u00ab<em>Se engrandeci\u00f3 hasta&nbsp;igualarse con&nbsp;el Jefe&nbsp;del ej\u00e9rcito, le quit\u00f3 Su sacrificio continuo&nbsp;y fue derribado el lugar de Su santuario.<\/em>\u00bb -seg\u00fan <strong>Teodosio<\/strong> y el <strong>Griego Antiguo<\/strong>, dos versiones del Antiguo Testamento griego, interpreta que la ca\u00edda \u00ab<em>a la tierra de parte del ej\u00e9rcito y de las estrell<\/em>as\u00bb y su \u00ab<em>pisteo<\/em>\u00bb en <strong>8:10<\/strong> r<strong>epresentan \u00abla cautividad\u00bb de Israel que ser\u00e1 \u00abliberada\u00bb en el futuro<\/strong>. Por lo tanto, podemos entender el significado de la siguiente manera: <strong>los santos israelitas tienen su verdadera identidad en el cielo ante el trono divino, de modo que cuando son perseguidos, los \u00e1ngeles y Dios mismo tambi\u00e9n se ven atacados<\/strong>.<\/p>\n\n\n\n<div style=\"height:37px\" aria-hidden=\"true\" class=\"wp-block-spacer\"><\/div>\n\n\n\n<h3 class=\"wp-block-heading\">EL DRAG\u00d3N Y LA MUJER<\/h3>\n\n\n\n<p class=\"wp-block-paragraph\"><strong>12:4b<\/strong> -\u00ab<em>Y el drag\u00f3n&nbsp;se par\u00f3 delante de la mujer que estaba para dar a luz, a fin de devorar a su hijo&nbsp;cuando ella diera a luz<\/em>.\u00bb &#8211; La representaci\u00f3n de las estrellas en el verso 4 que estamos viendo hoy, debe tener una estrecha relaci\u00f3n con las \u00abdoce estrellas\u00bb de s\u00f3lo tres vers\u00edculos antes en el vers\u00edculo 1. Las estrellas que caen deben simbolizar un ataque a Israel, la comunidad fiel del pacto, ya que las doce estrellas del verso 1 representan la identificaci\u00f3n celestial del verdadero Israel (la iglesia de todos los tiempos).<\/p>\n\n\n\n<p class=\"wp-block-paragraph\">Pero el drag\u00f3n se par\u00f3 delante de la mujer que estaba para dar a luz, a fin de devorar a su hijo cuando ella diera a luz. La intenci\u00f3n del drag\u00f3n, no es solo atacar al pueblo de Dios, sino destruir al propio Mes\u00edas, una vez que la mujer d\u00e9 a luz.<\/p>\n\n\n\n<p class=\"wp-block-paragraph\">Aqu\u00ed encontramos una referencia a todas las formas en que el diablo trat\u00f3 de tentar a Jes\u00fas y destruirlo durante el tiempo de Su ministerio terrenal.<\/p>\n\n\n\n<p class=\"wp-block-paragraph\">Satan\u00e1s pens\u00f3 que hab\u00eda triunfado al ver a Jes\u00fas en la cruz, sin embargo, <strong>Jes\u00fas no estaba siendo derrotado .estaba triunfado sobre \u00e9l<\/strong>. Luego, en su resurrecci\u00f3n le arrebat\u00f3 al diablo, a esa serpiente antigua, el poder de la muerte que ejerc\u00eda. Hoy, tenemos la victoria a trav\u00e9s de la obra completa de Cristo.<\/p>\n\n\n\n<div style=\"height:66px\" aria-hidden=\"true\" class=\"wp-block-spacer\"><\/div>\n\n\n\n<div class=\"wp-block-columns is-layout-flex wp-container-core-columns-is-layout-8f761849 wp-block-columns-is-layout-flex\">\n<div class=\"wp-block-column is-layout-flow wp-block-column-is-layout-flow\">\n<figure class=\"wp-block-image size-full\"><img loading=\"lazy\" decoding=\"async\" width=\"668\" height=\"1000\" src=\"https:\/\/ministeriosdiaadia.cl\/wp-content\/uploads\/2026\/01\/2148232352-1.jpg\" alt=\"\" class=\"wp-image-309\" srcset=\"https:\/\/ministeriosdiaadia.cl\/wp-content\/uploads\/2026\/01\/2148232352-1.jpg 668w, https:\/\/ministeriosdiaadia.cl\/wp-content\/uploads\/2026\/01\/2148232352-1-480x719.jpg 480w\" sizes=\"(min-width: 0px) and (max-width: 480px) 480px, (min-width: 481px) 668px, 100vw\" \/><\/figure>\n<\/div>\n\n\n\n<div class=\"wp-block-column is-layout-flow wp-block-column-is-layout-flow\">\n<div style=\"height:30px\" aria-hidden=\"true\" class=\"wp-block-spacer\"><\/div>\n\n\n\n<h2 class=\"wp-block-heading\">REFLEXI\u00d3N<\/h2>\n\n\n\n<div style=\"height:37px\" aria-hidden=\"true\" class=\"wp-block-spacer\"><\/div>\n\n\n\n<p class=\"wp-block-paragraph\">Satan\u00e1s lleva siglos intentando destruir la obra de Dios, destruir a Cristo y a sus escogidos. Comenz\u00f3 con Ad\u00e1n y Eva y hoy contin\u00faa contigo y conmigo &#8211; \u00bflogras ser consciente de sus ataques?; \u00bflogras ver sus estrategias para destruir tu vida espiritual y a la de tu familia?; \u00bfqu\u00e9 tan lejos crees que ha llegado en sus prop\u00f3sitos?.<\/p>\n\n\n\n<p class=\"wp-block-paragraph\">Tranquilo, tranquila &#8211; hay esperanza en Cristo. Solo debes detener tu agitada forma de vivir actual en alg\u00fan momento. Debes parar. Debes tomarte un tiempo para reflexionar y despertar. Esto puede ser horrible, pero debes hacerlo. <\/p>\n\n\n\n<p class=\"wp-block-paragraph\">Analiza d\u00f3nde y en qu\u00e9 condici\u00f3n te encuentras con Dios. Ora y comienza a reorganizar tu vida y permitir que Dios traiga nuevamente un despertar en ti y puedas volver a beber de sus r\u00edos de agua viva. Lee Lucas 15:11-32.<\/p>\n<\/div>\n<\/div>\n\n\n\n<div style=\"height:100px\" aria-hidden=\"true\" class=\"wp-block-spacer\"><\/div>\n\n\n\n<figure class=\"wp-block-embed is-type-video is-provider-youtube wp-block-embed-youtube wp-embed-aspect-16-9 wp-has-aspect-ratio\"><div class=\"wp-block-embed__wrapper\">\n<iframe loading=\"lazy\" title=\"Porque \u00c9l Vive - Vida Real Worship | Video Oficial\" width=\"1080\" height=\"608\" src=\"https:\/\/www.youtube.com\/embed\/67m9tmf70pI?feature=oembed\"  allow=\"accelerometer; autoplay; clipboard-write; encrypted-media; gyroscope; picture-in-picture; web-share\" referrerpolicy=\"strict-origin-when-cross-origin\" allowfullscreen><\/iframe>\n<\/div><\/figure>\n[\/et_pb_text][\/et_pb_column]\n\t\t\t[\/et_pb_row]\n\t\t[\/et_pb_section]","protected":false},"excerpt":{"rendered":"<p>\u00ab4&nbsp;Su cola arrastr\u00f3* la tercera parte de las estrellas del cielo&nbsp;y las arroj\u00f3 sobre la tierra. Y el drag\u00f3n&nbsp;se par\u00f3 delante de la mujer que estaba para dar a luz, a fin de devorar a su hijo&nbsp;cuando ella diera a luz.\u00bb \u00bfQU\u00c9 REPRESENTAN LAS ESTRELLAS QUE CAEN? Tal y como lo hemos venido hablando, todas [&hellip;]<\/p>\n","protected":false},"author":1,"featured_media":257,"comment_status":"open","ping_status":"open","sticky":false,"template":"","format":"standard","meta":{"_et_pb_use_builder":"on","_et_pb_old_content":"<!-- wp:paragraph -->\n<p><em><sup>\"4&nbsp;<\/sup>Su cola arrastr\u00f3* la tercera parte de las estrellas del cielo&nbsp;y las arroj\u00f3 sobre la tierra. Y el drag\u00f3n&nbsp;se par\u00f3 delante de la mujer que estaba para dar a luz, a fin de devorar a su hijo&nbsp;cuando ella diera a luz.\"<\/em><\/p>\n<!-- \/wp:paragraph -->\n\n<!-- wp:spacer {\"height\":\"33px\"} -->\n<div style=\"height:33px\" aria-hidden=\"true\" class=\"wp-block-spacer\"><\/div>\n<!-- \/wp:spacer -->\n\n<!-- wp:heading {\"level\":3} -->\n<h3 class=\"wp-block-heading\">\u00bfQU\u00c9 REPRESENTAN LAS ESTRELLAS QUE CAEN?<\/h3>\n<!-- \/wp:heading -->\n\n<!-- wp:paragraph -->\n<p>Tal y como lo hemos venido hablando, todas las figuras y modelos han sido sacados en su gran mayor\u00eda del libro de \u00c9xodo y de Daniel, y en este verso en especial de Daniel 8:10, sin dejar de mencionar los versos 3 y 24 - <\/p>\n<!-- \/wp:paragraph -->\n\n<!-- wp:spacer {\"height\":\"19px\"} -->\n<div style=\"height:19px\" aria-hidden=\"true\" class=\"wp-block-spacer\"><\/div>\n<!-- \/wp:spacer -->\n\n<!-- wp:pullquote {\"fontSize\":\"small\"} -->\n<figure class=\"wp-block-pullquote has-small-font-size\"><blockquote><p><sup>3&nbsp;<\/sup>Alc\u00e9, pues, mis ojos y mir\u00e9 que un carnero estaba delante del r\u00edo. Ten\u00eda dos cuernos, y los dos cuernos&nbsp;<em>eran<\/em>&nbsp;altos, pero uno&nbsp;<em>era<\/em>&nbsp;m\u00e1s alto que el otro, y el m\u00e1s alto creci\u00f3&nbsp;al \u00faltimo.<br><sup>10&nbsp;<\/sup>Creci\u00f3 hasta el ej\u00e9rcito del cielo, e hizo caer a la tierra&nbsp;<em>parte<\/em>&nbsp;del ej\u00e9rcito y de las estrellas, y las pisote\u00f3.<br><strong>24<\/strong>-\u00bbSu poder ser\u00e1 grande, pero no por su&nbsp;<em>propio<\/em>&nbsp;poder;<br>Destruir\u00e1&nbsp;en forma extraordinaria,<br>Prosperar\u00e1 y har\u00e1&nbsp;<em>su voluntad.<\/em><br>Destruir\u00e1&nbsp;a los poderosos y al pueblo santo.<\/p><\/blockquote><\/figure>\n<!-- \/wp:pullquote -->\n\n<!-- wp:spacer {\"height\":\"32px\"} -->\n<div style=\"height:32px\" aria-hidden=\"true\" class=\"wp-block-spacer\"><\/div>\n<!-- \/wp:spacer -->\n\n<!-- wp:paragraph -->\n<p>Daniel 8:10 nos dice que el enemigo de Dios de los \u00faltimos tiempos arrojar\u00e1 a la tierra algunas estrellas, las que se identifican como el pueblo santo en el 8:24. Debemos decir que, en otros lugares tambi\u00e9n pueden representar a los \u00e1ngeles del reino de Dios, sin embargo, considerando Daniel 12:3, las estrellas pueden representar a \"los santos israelitas\", pues los justos son comparados con \"el resplandor del firmamento ... como las estrellas, por toda la eternidad\" - tambi\u00e9n, si desean pueden comparar Daniel 12:3 con Mateo 13:43; cifrado (cf.) con Gn. 15:5 y 22:17.<\/p>\n<!-- \/wp:paragraph -->\n\n<!-- wp:paragraph -->\n<p><strong>Daniel 8:11<\/strong>, \"<em>Se engrandeci\u00f3 hasta&nbsp;igualarse con&nbsp;el Jefe&nbsp;del ej\u00e9rcito, le quit\u00f3 Su sacrificio continuo&nbsp;y fue derribado el lugar de Su santuario.<\/em>\" -seg\u00fan <strong>Teodosio<\/strong> y el <strong>Griego Antiguo<\/strong>, dos versiones del Antiguo Testamento griego, interpreta que la ca\u00edda \"<em>a la tierra de parte del ej\u00e9rcito y de las estrell<\/em>as\" y su \"<em>pisteo<\/em>\" en <strong>8:10<\/strong> r<strong>epresentan \"la cautividad\" de Israel que ser\u00e1 \"liberada\" en el futuro<\/strong>. Por lo tanto, podemos entender el significado de la siguiente manera: <strong>los santos israelitas tienen su verdadera identidad en el cielo ante el trono divino, de modo que cuando son perseguidos, los \u00e1ngeles y Dios mismo tambi\u00e9n se ven atacados<\/strong>.<\/p>\n<!-- \/wp:paragraph -->\n\n<!-- wp:spacer {\"height\":\"37px\"} -->\n<div style=\"height:37px\" aria-hidden=\"true\" class=\"wp-block-spacer\"><\/div>\n<!-- \/wp:spacer -->\n\n<!-- wp:heading {\"level\":3} -->\n<h3 class=\"wp-block-heading\">EL DRAG\u00d3N Y LA MUJER<\/h3>\n<!-- \/wp:heading -->\n\n<!-- wp:paragraph -->\n<p><strong>12:4b<\/strong> -\"<em>Y el drag\u00f3n&nbsp;se par\u00f3 delante de la mujer que estaba para dar a luz, a fin de devorar a su hijo&nbsp;cuando ella diera a luz<\/em>.\" - La representaci\u00f3n de las estrellas en el verso 4 que estamos viendo hoy, debe tener una estrecha relaci\u00f3n con las \"doce estrellas\" de s\u00f3lo tres vers\u00edculos antes en el vers\u00edculo 1. Las estrellas que caen deben simbolizar un ataque a Israel, la comunidad fiel del pacto, ya que las doce estrellas del verso 1 representan la identificaci\u00f3n celestial del verdadero Israel (la iglesia de todos los tiempos).<\/p>\n<!-- \/wp:paragraph -->\n\n<!-- wp:paragraph -->\n<p>Pero el drag\u00f3n se par\u00f3 delante de la mujer que estaba para dar a luz, a fin de devorar a su hijo cuando ella diera a luz. La intenci\u00f3n del drag\u00f3n, no es solo atacar al pueblo de Dios, sino destruir al propio Mes\u00edas, una vez que la mujer d\u00e9 a luz.<\/p>\n<!-- \/wp:paragraph -->\n\n<!-- wp:paragraph -->\n<p>Aqu\u00ed encontramos una referencia a todas las formas en que el diablo trat\u00f3 de tentar a Jes\u00fas y destruirlo durante el tiempo de Su ministerio terrenal.<\/p>\n<!-- \/wp:paragraph -->\n\n<!-- wp:paragraph -->\n<p>Satan\u00e1s pens\u00f3 que hab\u00eda triunfado al ver a Jes\u00fas en la cruz, sin embargo, <strong>Jes\u00fas no estaba siendo derrotado .estaba triunfado sobre \u00e9l<\/strong>. Luego, en su resurrecci\u00f3n le arrebat\u00f3 al diablo, a esa serpiente antigua, el poder de la muerte que ejerc\u00eda. Hoy, tenemos la victoria a trav\u00e9s de la obra completa de Cristo.<\/p>\n<!-- \/wp:paragraph -->\n\n<!-- wp:spacer {\"height\":\"66px\"} -->\n<div style=\"height:66px\" aria-hidden=\"true\" class=\"wp-block-spacer\"><\/div>\n<!-- \/wp:spacer -->\n\n<!-- wp:columns -->\n<div class=\"wp-block-columns\"><!-- wp:column -->\n<div class=\"wp-block-column\"><!-- wp:image {\"id\":309,\"sizeSlug\":\"full\",\"linkDestination\":\"none\"} -->\n<figure class=\"wp-block-image size-full\"><img src=\"https:\/\/ministeriosdiaadia.cl\/wp-content\/uploads\/2026\/01\/2148232352-1.jpg\" alt=\"\" class=\"wp-image-309\"\/><\/figure>\n<!-- \/wp:image --><\/div>\n<!-- \/wp:column -->\n\n<!-- wp:column -->\n<div class=\"wp-block-column\"><!-- wp:spacer {\"height\":\"30px\"} -->\n<div style=\"height:30px\" aria-hidden=\"true\" class=\"wp-block-spacer\"><\/div>\n<!-- \/wp:spacer -->\n\n<!-- wp:heading -->\n<h2 class=\"wp-block-heading\">REFLEXI\u00d3N<\/h2>\n<!-- \/wp:heading -->\n\n<!-- wp:spacer {\"height\":\"37px\"} -->\n<div style=\"height:37px\" aria-hidden=\"true\" class=\"wp-block-spacer\"><\/div>\n<!-- \/wp:spacer -->\n\n<!-- wp:paragraph -->\n<p>Satan\u00e1s lleva siglos intentando destruir la obra de Dios, destruir a Cristo y a sus escogidos. Comenz\u00f3 con Ad\u00e1n y Eva y hoy contin\u00faa contigo y conmigo - \u00bflogras ser consciente de sus ataques?; \u00bflogras ver sus estrategias para destruir tu vida espiritual y a la de tu familia?; \u00bfqu\u00e9 tan lejos crees que ha llegado en sus prop\u00f3sitos?.<\/p>\n<!-- \/wp:paragraph -->\n\n<!-- wp:paragraph -->\n<p>Tranquilo, tranquila - hay esperanza en Cristo. Solo debes detener tu agitada forma de vivir actual en alg\u00fan momento. Debes parar. Debes tomarte un tiempo para reflexionar y despertar. Esto puede ser horrible, pero debes hacerlo. <\/p>\n<!-- \/wp:paragraph -->\n\n<!-- wp:paragraph -->\n<p>Analiza d\u00f3nde y en qu\u00e9 condici\u00f3n te encuentras con Dios. Ora y comienza a reorganizar tu vida y permitir que Dios traiga nuevamente un despertar en ti y puedas volver a beber de sus r\u00edos de agua viva. Lee Lucas 15:11-32.<\/p>\n<!-- \/wp:paragraph --><\/div>\n<!-- \/wp:column --><\/div>\n<!-- \/wp:columns -->\n\n<!-- wp:spacer -->\n<div style=\"height:100px\" aria-hidden=\"true\" class=\"wp-block-spacer\"><\/div>\n<!-- \/wp:spacer -->\n\n<!-- wp:embed {\"url\":\"https:\/\/youtu.be\/67m9tmf70pI?si=y4xtuk5RevHAzv1_\",\"type\":\"video\",\"providerNameSlug\":\"youtube\",\"responsive\":true,\"className\":\"wp-embed-aspect-16-9 wp-has-aspect-ratio\"} -->\n<figure class=\"wp-block-embed is-type-video is-provider-youtube wp-block-embed-youtube wp-embed-aspect-16-9 wp-has-aspect-ratio\"><div class=\"wp-block-embed__wrapper\">\nhttps:\/\/youtu.be\/67m9tmf70pI?si=y4xtuk5RevHAzv1_\n<\/div><\/figure>\n<!-- \/wp:embed -->","_et_gb_content_width":"","_monsterinsights_skip_tracking":false,"footnotes":""},"categories":[4,3],"tags":[],"class_list":["post-301","post","type-post","status-publish","format-standard","has-post-thumbnail","hentry","category-apocalipsis","category-dia-a-dia"],"aioseo_notices":[],"aioseo_head":"\n\t\t<!-- All in One SEO 5.0.1.1 - aioseo.com -->\n\t<meta name=\"robots\" content=\"max-image-preview:large\" \/>\n\t<meta name=\"author\" content=\"Pastor Carlos\"\/>\n\t<link rel=\"canonical\" href=\"https:\/\/ministeriosdiaadia.cl\/index.php\/2026\/01\/08\/dia-a-dia-apocalipsis-124\/\" \/>\n\t<meta name=\"generator\" content=\"All in One SEO (AIOSEO) 5.0.1.1\" \/>\n\t\t<meta property=\"og:locale\" content=\"es_ES\" \/>\n\t\t<meta property=\"og:site_name\" content=\"MINISTERIOS DIA A DIA - Un ministerio de acompa\u00f1amiento espiritual\" \/>\n\t\t<meta property=\"og:type\" content=\"article\" \/>\n\t\t<meta property=\"og:title\" content=\"D\u00cdA A D\u00cdA: APOCALIPSIS 12:4 - MINISTERIOS DIA A DIA\" \/>\n\t\t<meta property=\"og:url\" content=\"https:\/\/ministeriosdiaadia.cl\/index.php\/2026\/01\/08\/dia-a-dia-apocalipsis-124\/\" \/>\n\t\t<meta property=\"article:published_time\" content=\"2026-01-08T17:01:08+00:00\" \/>\n\t\t<meta property=\"article:modified_time\" content=\"2026-01-13T15:18:31+00:00\" \/>\n\t\t<meta name=\"twitter:card\" content=\"summary_large_image\" \/>\n\t\t<meta name=\"twitter:title\" content=\"D\u00cdA A D\u00cdA: APOCALIPSIS 12:4 - MINISTERIOS DIA A DIA\" \/>\n\t\t<script type=\"application\/ld+json\" class=\"aioseo-schema\">\n\t\t\t{\"@context\":\"https:\\\/\\\/schema.org\",\"@graph\":[{\"@type\":\"BlogPosting\",\"@id\":\"https:\\\/\\\/ministeriosdiaadia.cl\\\/index.php\\\/2026\\\/01\\\/08\\\/dia-a-dia-apocalipsis-124\\\/#blogposting\",\"name\":\"D\\u00cdA A D\\u00cdA: APOCALIPSIS 12:4 - MINISTERIOS DIA A DIA\",\"headline\":\"D\\u00cdA A D\\u00cdA: APOCALIPSIS 12:4\",\"author\":{\"@id\":\"https:\\\/\\\/ministeriosdiaadia.cl\\\/index.php\\\/author\\\/admin_85kkxhyd\\\/#author\"},\"publisher\":{\"@id\":\"https:\\\/\\\/ministeriosdiaadia.cl\\\/#organization\"},\"image\":{\"@type\":\"ImageObject\",\"url\":\"https:\\\/\\\/ministeriosdiaadia.cl\\\/wp-content\\\/uploads\\\/2026\\\/01\\\/IMAGEN-DESTACADA-2.jpg\",\"width\":1200,\"height\":628,\"caption\":\"12 ID 1\"},\"datePublished\":\"2026-01-08T17:01:08-03:00\",\"dateModified\":\"2026-01-13T15:18:31-03:00\",\"inLanguage\":\"es-ES\",\"commentCount\":2,\"mainEntityOfPage\":{\"@id\":\"https:\\\/\\\/ministeriosdiaadia.cl\\\/index.php\\\/2026\\\/01\\\/08\\\/dia-a-dia-apocalipsis-124\\\/#webpage\"},\"isPartOf\":{\"@id\":\"https:\\\/\\\/ministeriosdiaadia.cl\\\/index.php\\\/2026\\\/01\\\/08\\\/dia-a-dia-apocalipsis-124\\\/#webpage\"},\"articleSection\":\"APOCALIPSIS, D\\u00cdA A D\\u00cdA\"},{\"@type\":\"BreadcrumbList\",\"@id\":\"https:\\\/\\\/ministeriosdiaadia.cl\\\/index.php\\\/2026\\\/01\\\/08\\\/dia-a-dia-apocalipsis-124\\\/#breadcrumblist\",\"itemListElement\":[{\"@type\":\"ListItem\",\"@id\":\"https:\\\/\\\/ministeriosdiaadia.cl#listItem\",\"position\":1,\"name\":\"Home\",\"item\":\"https:\\\/\\\/ministeriosdiaadia.cl\",\"nextItem\":{\"@type\":\"ListItem\",\"@id\":\"https:\\\/\\\/ministeriosdiaadia.cl\\\/index.php\\\/category\\\/dia-a-dia\\\/#listItem\",\"name\":\"D\\u00cdA A D\\u00cdA\"}},{\"@type\":\"ListItem\",\"@id\":\"https:\\\/\\\/ministeriosdiaadia.cl\\\/index.php\\\/category\\\/dia-a-dia\\\/#listItem\",\"position\":2,\"name\":\"D\\u00cdA A D\\u00cdA\",\"item\":\"https:\\\/\\\/ministeriosdiaadia.cl\\\/index.php\\\/category\\\/dia-a-dia\\\/\",\"nextItem\":{\"@type\":\"ListItem\",\"@id\":\"https:\\\/\\\/ministeriosdiaadia.cl\\\/index.php\\\/category\\\/dia-a-dia\\\/apocalipsis\\\/#listItem\",\"name\":\"APOCALIPSIS\"},\"previousItem\":{\"@type\":\"ListItem\",\"@id\":\"https:\\\/\\\/ministeriosdiaadia.cl#listItem\",\"name\":\"Home\"}},{\"@type\":\"ListItem\",\"@id\":\"https:\\\/\\\/ministeriosdiaadia.cl\\\/index.php\\\/category\\\/dia-a-dia\\\/apocalipsis\\\/#listItem\",\"position\":3,\"name\":\"APOCALIPSIS\",\"item\":\"https:\\\/\\\/ministeriosdiaadia.cl\\\/index.php\\\/category\\\/dia-a-dia\\\/apocalipsis\\\/\",\"nextItem\":{\"@type\":\"ListItem\",\"@id\":\"https:\\\/\\\/ministeriosdiaadia.cl\\\/index.php\\\/2026\\\/01\\\/08\\\/dia-a-dia-apocalipsis-124\\\/#listItem\",\"name\":\"D\\u00cdA A D\\u00cdA: APOCALIPSIS 12:4\"},\"previousItem\":{\"@type\":\"ListItem\",\"@id\":\"https:\\\/\\\/ministeriosdiaadia.cl\\\/index.php\\\/category\\\/dia-a-dia\\\/#listItem\",\"name\":\"D\\u00cdA A D\\u00cdA\"}},{\"@type\":\"ListItem\",\"@id\":\"https:\\\/\\\/ministeriosdiaadia.cl\\\/index.php\\\/2026\\\/01\\\/08\\\/dia-a-dia-apocalipsis-124\\\/#listItem\",\"position\":4,\"name\":\"D\\u00cdA A D\\u00cdA: APOCALIPSIS 12:4\",\"previousItem\":{\"@type\":\"ListItem\",\"@id\":\"https:\\\/\\\/ministeriosdiaadia.cl\\\/index.php\\\/category\\\/dia-a-dia\\\/apocalipsis\\\/#listItem\",\"name\":\"APOCALIPSIS\"}}]},{\"@type\":\"Organization\",\"@id\":\"https:\\\/\\\/ministeriosdiaadia.cl\\\/#organization\",\"name\":\"MINISTERIOS DIA A DIA\",\"description\":\"Un ministerio de acompa\\u00f1amiento espiritual\",\"url\":\"https:\\\/\\\/ministeriosdiaadia.cl\\\/\"},{\"@type\":\"Person\",\"@id\":\"https:\\\/\\\/ministeriosdiaadia.cl\\\/index.php\\\/author\\\/admin_85kkxhyd\\\/#author\",\"url\":\"https:\\\/\\\/ministeriosdiaadia.cl\\\/index.php\\\/author\\\/admin_85kkxhyd\\\/\",\"name\":\"Pastor Carlos\",\"image\":{\"@type\":\"ImageObject\",\"@id\":\"https:\\\/\\\/ministeriosdiaadia.cl\\\/index.php\\\/2026\\\/01\\\/08\\\/dia-a-dia-apocalipsis-124\\\/#authorImage\",\"url\":\"https:\\\/\\\/secure.gravatar.com\\\/avatar\\\/26b5f8890c89288a41e21f7e879ead6e0151f5ffae28bf22debe6e84cf0942f4?s=96&d=mm&r=g\",\"width\":96,\"height\":96,\"caption\":\"Pastor Carlos\"}},{\"@type\":\"WebPage\",\"@id\":\"https:\\\/\\\/ministeriosdiaadia.cl\\\/index.php\\\/2026\\\/01\\\/08\\\/dia-a-dia-apocalipsis-124\\\/#webpage\",\"url\":\"https:\\\/\\\/ministeriosdiaadia.cl\\\/index.php\\\/2026\\\/01\\\/08\\\/dia-a-dia-apocalipsis-124\\\/\",\"name\":\"D\\u00cdA A D\\u00cdA: APOCALIPSIS 12:4 - MINISTERIOS DIA A DIA\",\"inLanguage\":\"es-ES\",\"isPartOf\":{\"@id\":\"https:\\\/\\\/ministeriosdiaadia.cl\\\/#website\"},\"breadcrumb\":{\"@id\":\"https:\\\/\\\/ministeriosdiaadia.cl\\\/index.php\\\/2026\\\/01\\\/08\\\/dia-a-dia-apocalipsis-124\\\/#breadcrumblist\"},\"author\":{\"@id\":\"https:\\\/\\\/ministeriosdiaadia.cl\\\/index.php\\\/author\\\/admin_85kkxhyd\\\/#author\"},\"creator\":{\"@id\":\"https:\\\/\\\/ministeriosdiaadia.cl\\\/index.php\\\/author\\\/admin_85kkxhyd\\\/#author\"},\"image\":{\"@type\":\"ImageObject\",\"url\":\"https:\\\/\\\/ministeriosdiaadia.cl\\\/wp-content\\\/uploads\\\/2026\\\/01\\\/IMAGEN-DESTACADA-2.jpg\",\"@id\":\"https:\\\/\\\/ministeriosdiaadia.cl\\\/index.php\\\/2026\\\/01\\\/08\\\/dia-a-dia-apocalipsis-124\\\/#mainImage\",\"width\":1200,\"height\":628,\"caption\":\"12 ID 1\"},\"primaryImageOfPage\":{\"@id\":\"https:\\\/\\\/ministeriosdiaadia.cl\\\/index.php\\\/2026\\\/01\\\/08\\\/dia-a-dia-apocalipsis-124\\\/#mainImage\"},\"datePublished\":\"2026-01-08T17:01:08-03:00\",\"dateModified\":\"2026-01-13T15:18:31-03:00\"},{\"@type\":\"WebSite\",\"@id\":\"https:\\\/\\\/ministeriosdiaadia.cl\\\/#website\",\"url\":\"https:\\\/\\\/ministeriosdiaadia.cl\\\/\",\"name\":\"MINISTERIOS DIA A DIA\",\"description\":\"Un ministerio de acompa\\u00f1amiento espiritual\",\"inLanguage\":\"es-ES\",\"publisher\":{\"@id\":\"https:\\\/\\\/ministeriosdiaadia.cl\\\/#organization\"}}]}\n\t\t<\/script>\n\t\t<!-- All in One SEO -->\n\n","aioseo_head_json":{"title":"D\u00cdA A D\u00cdA: APOCALIPSIS 12:4 - MINISTERIOS DIA A DIA","description":"","canonical_url":"https:\/\/ministeriosdiaadia.cl\/index.php\/2026\/01\/08\/dia-a-dia-apocalipsis-124\/","robots":"max-image-preview:large","keywords":"","webmasterTools":{"miscellaneous":""},"schema":{"@context":"https:\/\/schema.org","@graph":[{"@type":"BlogPosting","@id":"https:\/\/ministeriosdiaadia.cl\/index.php\/2026\/01\/08\/dia-a-dia-apocalipsis-124\/#blogposting","name":"D\u00cdA A D\u00cdA: APOCALIPSIS 12:4 - MINISTERIOS DIA A DIA","headline":"D\u00cdA A D\u00cdA: APOCALIPSIS 12:4","author":{"@id":"https:\/\/ministeriosdiaadia.cl\/index.php\/author\/admin_85kkxhyd\/#author"},"publisher":{"@id":"https:\/\/ministeriosdiaadia.cl\/#organization"},"image":{"@type":"ImageObject","url":"https:\/\/ministeriosdiaadia.cl\/wp-content\/uploads\/2026\/01\/IMAGEN-DESTACADA-2.jpg","width":1200,"height":628,"caption":"12 ID 1"},"datePublished":"2026-01-08T17:01:08-03:00","dateModified":"2026-01-13T15:18:31-03:00","inLanguage":"es-ES","commentCount":2,"mainEntityOfPage":{"@id":"https:\/\/ministeriosdiaadia.cl\/index.php\/2026\/01\/08\/dia-a-dia-apocalipsis-124\/#webpage"},"isPartOf":{"@id":"https:\/\/ministeriosdiaadia.cl\/index.php\/2026\/01\/08\/dia-a-dia-apocalipsis-124\/#webpage"},"articleSection":"APOCALIPSIS, D\u00cdA A D\u00cdA"},{"@type":"BreadcrumbList","@id":"https:\/\/ministeriosdiaadia.cl\/index.php\/2026\/01\/08\/dia-a-dia-apocalipsis-124\/#breadcrumblist","itemListElement":[{"@type":"ListItem","@id":"https:\/\/ministeriosdiaadia.cl#listItem","position":1,"name":"Home","item":"https:\/\/ministeriosdiaadia.cl","nextItem":{"@type":"ListItem","@id":"https:\/\/ministeriosdiaadia.cl\/index.php\/category\/dia-a-dia\/#listItem","name":"D\u00cdA A D\u00cdA"}},{"@type":"ListItem","@id":"https:\/\/ministeriosdiaadia.cl\/index.php\/category\/dia-a-dia\/#listItem","position":2,"name":"D\u00cdA A D\u00cdA","item":"https:\/\/ministeriosdiaadia.cl\/index.php\/category\/dia-a-dia\/","nextItem":{"@type":"ListItem","@id":"https:\/\/ministeriosdiaadia.cl\/index.php\/category\/dia-a-dia\/apocalipsis\/#listItem","name":"APOCALIPSIS"},"previousItem":{"@type":"ListItem","@id":"https:\/\/ministeriosdiaadia.cl#listItem","name":"Home"}},{"@type":"ListItem","@id":"https:\/\/ministeriosdiaadia.cl\/index.php\/category\/dia-a-dia\/apocalipsis\/#listItem","position":3,"name":"APOCALIPSIS","item":"https:\/\/ministeriosdiaadia.cl\/index.php\/category\/dia-a-dia\/apocalipsis\/","nextItem":{"@type":"ListItem","@id":"https:\/\/ministeriosdiaadia.cl\/index.php\/2026\/01\/08\/dia-a-dia-apocalipsis-124\/#listItem","name":"D\u00cdA A D\u00cdA: APOCALIPSIS 12:4"},"previousItem":{"@type":"ListItem","@id":"https:\/\/ministeriosdiaadia.cl\/index.php\/category\/dia-a-dia\/#listItem","name":"D\u00cdA A D\u00cdA"}},{"@type":"ListItem","@id":"https:\/\/ministeriosdiaadia.cl\/index.php\/2026\/01\/08\/dia-a-dia-apocalipsis-124\/#listItem","position":4,"name":"D\u00cdA A D\u00cdA: APOCALIPSIS 12:4","previousItem":{"@type":"ListItem","@id":"https:\/\/ministeriosdiaadia.cl\/index.php\/category\/dia-a-dia\/apocalipsis\/#listItem","name":"APOCALIPSIS"}}]},{"@type":"Organization","@id":"https:\/\/ministeriosdiaadia.cl\/#organization","name":"MINISTERIOS DIA A DIA","description":"Un ministerio de acompa\u00f1amiento espiritual","url":"https:\/\/ministeriosdiaadia.cl\/"},{"@type":"Person","@id":"https:\/\/ministeriosdiaadia.cl\/index.php\/author\/admin_85kkxhyd\/#author","url":"https:\/\/ministeriosdiaadia.cl\/index.php\/author\/admin_85kkxhyd\/","name":"Pastor Carlos","image":{"@type":"ImageObject","@id":"https:\/\/ministeriosdiaadia.cl\/index.php\/2026\/01\/08\/dia-a-dia-apocalipsis-124\/#authorImage","url":"https:\/\/secure.gravatar.com\/avatar\/26b5f8890c89288a41e21f7e879ead6e0151f5ffae28bf22debe6e84cf0942f4?s=96&d=mm&r=g","width":96,"height":96,"caption":"Pastor Carlos"}},{"@type":"WebPage","@id":"https:\/\/ministeriosdiaadia.cl\/index.php\/2026\/01\/08\/dia-a-dia-apocalipsis-124\/#webpage","url":"https:\/\/ministeriosdiaadia.cl\/index.php\/2026\/01\/08\/dia-a-dia-apocalipsis-124\/","name":"D\u00cdA A D\u00cdA: APOCALIPSIS 12:4 - MINISTERIOS DIA A DIA","inLanguage":"es-ES","isPartOf":{"@id":"https:\/\/ministeriosdiaadia.cl\/#website"},"breadcrumb":{"@id":"https:\/\/ministeriosdiaadia.cl\/index.php\/2026\/01\/08\/dia-a-dia-apocalipsis-124\/#breadcrumblist"},"author":{"@id":"https:\/\/ministeriosdiaadia.cl\/index.php\/author\/admin_85kkxhyd\/#author"},"creator":{"@id":"https:\/\/ministeriosdiaadia.cl\/index.php\/author\/admin_85kkxhyd\/#author"},"image":{"@type":"ImageObject","url":"https:\/\/ministeriosdiaadia.cl\/wp-content\/uploads\/2026\/01\/IMAGEN-DESTACADA-2.jpg","@id":"https:\/\/ministeriosdiaadia.cl\/index.php\/2026\/01\/08\/dia-a-dia-apocalipsis-124\/#mainImage","width":1200,"height":628,"caption":"12 ID 1"},"primaryImageOfPage":{"@id":"https:\/\/ministeriosdiaadia.cl\/index.php\/2026\/01\/08\/dia-a-dia-apocalipsis-124\/#mainImage"},"datePublished":"2026-01-08T17:01:08-03:00","dateModified":"2026-01-13T15:18:31-03:00"},{"@type":"WebSite","@id":"https:\/\/ministeriosdiaadia.cl\/#website","url":"https:\/\/ministeriosdiaadia.cl\/","name":"MINISTERIOS DIA A DIA","description":"Un ministerio de acompa\u00f1amiento espiritual","inLanguage":"es-ES","publisher":{"@id":"https:\/\/ministeriosdiaadia.cl\/#organization"}}]},"og:locale":"es_ES","og:site_name":"MINISTERIOS DIA A DIA - Un ministerio de acompa\u00f1amiento espiritual","og:type":"article","og:title":"D\u00cdA A D\u00cdA: APOCALIPSIS 12:4 - MINISTERIOS DIA A DIA","og:url":"https:\/\/ministeriosdiaadia.cl\/index.php\/2026\/01\/08\/dia-a-dia-apocalipsis-124\/","article:published_time":"2026-01-08T17:01:08+00:00","article:modified_time":"2026-01-13T15:18:31+00:00","twitter:card":"summary_large_image","twitter:title":"D\u00cdA A D\u00cdA: APOCALIPSIS 12:4 - MINISTERIOS DIA A DIA"},"aioseo_meta_data":{"post_id":"301","title":null,"description":null,"keywords":null,"keyphrases":null,"focus_keyword":null,"additional_keywords":null,"truseo_locale":null,"primary_term":null,"canonical_url":null,"og_title":null,"og_description":null,"og_object_type":"default","og_image_type":"default","og_image_custom_url":null,"og_image_custom_fields":null,"og_image_url":null,"og_image_width":null,"og_image_height":null,"og_video":null,"og_custom_url":null,"og_article_section":null,"og_article_tags":null,"twitter_use_og":false,"twitter_card":"default","twitter_image_type":"default","twitter_image_custom_url":null,"twitter_image_custom_fields":null,"twitter_image_url":null,"twitter_title":null,"twitter_description":null,"schema_type":"default","schema_type_options":null,"schema":{"blockGraphs":[],"customGraphs":[],"default":{"data":{"Article":[],"Course":[],"Dataset":[],"FAQPage":[],"Movie":[],"Person":[],"Product":[],"ProductReview":[],"Car":[],"Recipe":[],"Service":[],"SoftwareApplication":[],"WebPage":[]},"graphName":"","isEnabled":true},"graphs":[]},"pillar_content":false,"robots_default":true,"robots_noindex":false,"robots_noarchive":false,"robots_nosnippet":false,"robots_nofollow":false,"robots_noimageindex":false,"robots_noodp":false,"robots_notranslate":false,"robots_max_snippet":null,"robots_max_videopreview":null,"robots_max_imagepreview":"large","priority":null,"frequency":null,"local_seo":null,"limit_modified_date":false,"ai":null,"breadcrumb_settings":null,"seo_analyzer_scan_date":null,"created":"2026-08-20 02:53:25","updated":"2026-08-20 02:53:25"},"aioseo_breadcrumb":"<div class=\"aioseo-breadcrumbs\"><span class=\"aioseo-breadcrumb\">\n\t\t\t<a href=\"https:\/\/ministeriosdiaadia.cl\" title=\"Home\">Home<\/a>\n\t\t<\/span><span class=\"aioseo-breadcrumb-separator\">&raquo;<\/span><span class=\"aioseo-breadcrumb\">\n\t\t\t<a href=\"https:\/\/ministeriosdiaadia.cl\/index.php\/category\/dia-a-dia\/\" title=\"D\u00cdA A D\u00cdA\">D\u00cdA A D\u00cdA<\/a>\n\t\t<\/span><span class=\"aioseo-breadcrumb-separator\">&raquo;<\/span><span class=\"aioseo-breadcrumb\">\n\t\t\t<a href=\"https:\/\/ministeriosdiaadia.cl\/index.php\/category\/dia-a-dia\/apocalipsis\/\" title=\"APOCALIPSIS\">APOCALIPSIS<\/a>\n\t\t<\/span><span class=\"aioseo-breadcrumb-separator\">&raquo;<\/span><span class=\"aioseo-breadcrumb\">\n\t\t\tD\u00cdA A D\u00cdA: APOCALIPSIS 12:4\n\t\t<\/span><\/div>","aioseo_breadcrumb_json":[{"label":"Home","link":"https:\/\/ministeriosdiaadia.cl"},{"label":"D\u00cdA A D\u00cdA","link":"https:\/\/ministeriosdiaadia.cl\/index.php\/category\/dia-a-dia\/"},{"label":"APOCALIPSIS","link":"https:\/\/ministeriosdiaadia.cl\/index.php\/category\/dia-a-dia\/apocalipsis\/"},{"label":"D\u00cdA A D\u00cdA: APOCALIPSIS 12:4","link":"https:\/\/ministeriosdiaadia.cl\/index.php\/2026\/01\/08\/dia-a-dia-apocalipsis-124\/"}],"_links":{"self":[{"href":"https:\/\/ministeriosdiaadia.cl\/index.php\/wp-json\/wp\/v2\/posts\/301","targetHints":{"allow":["GET"]}}],"collection":[{"href":"https:\/\/ministeriosdiaadia.cl\/index.php\/wp-json\/wp\/v2\/posts"}],"about":[{"href":"https:\/\/ministeriosdiaadia.cl\/index.php\/wp-json\/wp\/v2\/types\/post"}],"author":[{"embeddable":true,"href":"https:\/\/ministeriosdiaadia.cl\/index.php\/wp-json\/wp\/v2\/users\/1"}],"replies":[{"embeddable":true,"href":"https:\/\/ministeriosdiaadia.cl\/index.php\/wp-json\/wp\/v2\/comments?post=301"}],"version-history":[{"count":11,"href":"https:\/\/ministeriosdiaadia.cl\/index.php\/wp-json\/wp\/v2\/posts\/301\/revisions"}],"predecessor-version":[{"id":428,"href":"https:\/\/ministeriosdiaadia.cl\/index.php\/wp-json\/wp\/v2\/posts\/301\/revisions\/428"}],"wp:featuredmedia":[{"embeddable":true,"href":"https:\/\/ministeriosdiaadia.cl\/index.php\/wp-json\/wp\/v2\/media\/257"}],"wp:attachment":[{"href":"https:\/\/ministeriosdiaadia.cl\/index.php\/wp-json\/wp\/v2\/media?parent=301"}],"wp:term":[{"taxonomy":"category","embeddable":true,"href":"https:\/\/ministeriosdiaadia.cl\/index.php\/wp-json\/wp\/v2\/categories?post=301"},{"taxonomy":"post_tag","embeddable":true,"href":"https:\/\/ministeriosdiaadia.cl\/index.php\/wp-json\/wp\/v2\/tags?post=301"}],"curies":[{"name":"wp","href":"https:\/\/api.w.org\/{rel}","templated":true}]}}